{"id":4648,"date":"2025-03-13T18:55:15","date_gmt":"2025-03-13T17:55:15","guid":{"rendered":"https:\/\/skeliade.fr\/?p=4648"},"modified":"2025-03-20T16:28:09","modified_gmt":"2025-03-20T15:28:09","slug":"avantage-en-nature-vehicule-augmentation-des-evaluations-forfaitaires-a-compter-du-1er-fevrier-2025","status":"publish","type":"post","link":"https:\/\/skeliade.fr\/fr\/avantage-en-nature-vehicule-augmentation-des-evaluations-forfaitaires-a-compter-du-1er-fevrier-2025\/","title":{"rendered":"Avantage en nature v\u00e9hicule : augmentation des \u00e9valuations forfaitaires pour les v\u00e9hicules mis \u00e0 disposition \u00e0 compter du 1er f\u00e9vrier 2025"},"content":{"rendered":"\t\t<div data-elementor-type=\"wp-post\" data-elementor-id=\"4648\" class=\"elementor elementor-4648\">\n\t\t\t\t\t\t<section class=\"elementor-section elementor-top-section elementor-element elementor-element-7b4474b7 elementor-section-boxed elementor-section-height-default elementor-section-height-default parallax_section_no qode_elementor_container_no\" data-id=\"7b4474b7\" data-element_type=\"section\">\n\t\t\t\t\t\t<div class=\"elementor-container elementor-column-gap-default\">\n\t\t\t\t\t<div class=\"elementor-column elementor-col-50 elementor-top-column elementor-element elementor-element-706b1f5\" data-id=\"706b1f5\" data-element_type=\"column\">\n\t\t\t<div class=\"elementor-widget-wrap elementor-element-populated\">\n\t\t\t\t\t\t<div class=\"elementor-element elementor-element-c34f3e2 elementor-absolute elementor-widget elementor-widget-image\" data-id=\"c34f3e2\" data-element_type=\"widget\" data-settings=\"{&quot;_position&quot;:&quot;absolute&quot;}\" data-widget_type=\"image.default\">\n\t\t\t\t<div class=\"elementor-widget-container\">\n\t\t\t\t\t\t\t\t\t\t\t\t<figure class=\"wp-caption\">\n\t\t\t\t\t\t\t\t\t\t<img decoding=\"async\" src=\"https:\/\/skeliade.fr\/wp-content\/uploads\/elementor\/thumbs\/pexels-pixabay-voitures-r2spvfzjn90qfe8ls5392u6i7pk2lmdcu5x1ksc834.jpg\" title=\"V\u00e9hicules de soci\u00e9t\u00e9\" alt=\"Gestion paie : \u00e9valuation avantage en nature v\u00e9hicule\" loading=\"lazy\" \/>\t\t\t\t\t\t\t\t\t\t\t<figcaption class=\"widget-image-caption wp-caption-text\">Gestion de la paie : des nouveaut\u00e9s importantes pour \u00e9valuer les avantages en nature v\u00e9hicule<\/figcaption>\n\t\t\t\t\t\t\t\t\t\t<\/figure>\n\t\t\t\t\t\t\t\t\t<\/div>\n\t\t\t\t<\/div>\n\t\t\t\t\t<\/div>\n\t\t<\/div>\n\t\t\t\t<div class=\"elementor-column elementor-col-50 elementor-top-column elementor-element elementor-element-154018a1\" data-id=\"154018a1\" data-element_type=\"column\">\n\t\t\t<div class=\"elementor-widget-wrap elementor-element-populated\">\n\t\t\t\t\t\t<div class=\"elementor-element elementor-element-12ca747d elementor-widget elementor-widget-text-editor\" data-id=\"12ca747d\" data-element_type=\"widget\" data-widget_type=\"text-editor.default\">\n\t\t\t\t<div class=\"elementor-widget-container\">\n\t\t\t\t\t\t\t\t\t<h4>\u00a0<\/h4><h4>un arr\u00eat\u00e9 du 25 f\u00e9vrier 2025<\/h4><p>\u00a0<\/p><ul><li>alourdit le co\u00fbt des v\u00e9hicules de fonction en modifiant les r\u00e8gles d&rsquo;\u00e9valuation de l&rsquo;avantage en nature soumis \u00e0 cotisations et imp\u00f4t<\/li><li>prolonge et am\u00e9liore le r\u00e9gime d\u00e9rogatoire applicable aux v\u00e9hicules \u00e9lectriques<\/li><li>reconduit \u00e9galement jusqu&rsquo;au 31 d\u00e9cembre 2027 les r\u00e8gles aff\u00e9rentes aux bornes de recharge \u00e9lectrique<\/li><\/ul>\t\t\t\t\t\t\t\t<\/div>\n\t\t\t\t<\/div>\n\t\t\t\t\t<\/div>\n\t\t<\/div>\n\t\t\t\t\t<\/div>\n\t\t<\/section>\n\t\t\t\t<section class=\"elementor-section elementor-top-section elementor-element elementor-element-fb92140 elementor-section-boxed elementor-section-height-default elementor-section-height-default parallax_section_no qode_elementor_container_no\" data-id=\"fb92140\" data-element_type=\"section\">\n\t\t\t\t\t\t<div class=\"elementor-container elementor-column-gap-default\">\n\t\t\t\t\t<div class=\"elementor-column elementor-col-100 elementor-top-column elementor-element elementor-element-ea6cc0e\" data-id=\"ea6cc0e\" data-element_type=\"column\">\n\t\t\t<div class=\"elementor-widget-wrap\">\n\t\t\t\t\t\t\t<\/div>\n\t\t<\/div>\n\t\t\t\t\t<\/div>\n\t\t<\/section>\n\t\t\t\t<section class=\"elementor-section elementor-top-section elementor-element elementor-element-5362d96 elementor-section-boxed elementor-section-height-default elementor-section-height-default parallax_section_no qode_elementor_container_no\" data-id=\"5362d96\" data-element_type=\"section\">\n\t\t\t\t\t\t<div class=\"elementor-container elementor-column-gap-default\">\n\t\t\t\t\t<div class=\"elementor-column elementor-col-100 elementor-top-column elementor-element elementor-element-37e8ffc\" data-id=\"37e8ffc\" data-element_type=\"column\">\n\t\t\t<div class=\"elementor-widget-wrap elementor-element-populated\">\n\t\t\t\t\t\t<div class=\"elementor-element elementor-element-0cfbf64 elementor-widget elementor-widget-spacer\" data-id=\"0cfbf64\" data-element_type=\"widget\" data-widget_type=\"spacer.default\">\n\t\t\t\t<div class=\"elementor-widget-container\">\n\t\t\t\t\t\t\t<div class=\"elementor-spacer\">\n\t\t\t<div class=\"elementor-spacer-inner\"><\/div>\n\t\t<\/div>\n\t\t\t\t\t\t<\/div>\n\t\t\t\t<\/div>\n\t\t\t\t\t<\/div>\n\t\t<\/div>\n\t\t\t\t\t<\/div>\n\t\t<\/section>\n\t\t\t\t<section class=\"elementor-section elementor-top-section elementor-element elementor-element-c9df563 elementor-section-boxed elementor-section-height-default elementor-section-height-default parallax_section_no qode_elementor_container_no\" data-id=\"c9df563\" data-element_type=\"section\">\n\t\t\t\t\t\t<div class=\"elementor-container elementor-column-gap-default\">\n\t\t\t\t\t<div class=\"elementor-column elementor-col-100 elementor-top-column elementor-element elementor-element-4f917ed\" data-id=\"4f917ed\" data-element_type=\"column\">\n\t\t\t<div class=\"elementor-widget-wrap elementor-element-populated\">\n\t\t\t\t\t\t<div class=\"elementor-element elementor-element-612537b elementor-widget elementor-widget-heading\" data-id=\"612537b\" data-element_type=\"widget\" data-widget_type=\"heading.default\">\n\t\t\t\t<div class=\"elementor-widget-container\">\n\t\t\t\t\t<h2 class=\"elementor-heading-title elementor-size-default\"><strong style=\"font-size: 35px;letter-spacing: 0px;font-family: var( --e-global-typography-primary-font-family ), Sans-serif\"><span style=\"color: #dd7200\"><span style=\"color: #dc7200\">R\u00e9forme des modalit\u00e9s de l'\u00e9valuation forfaitaire de l'avantage en nature v\u00e9hicule : rappel des r\u00e8gles<\/span><\/span><\/strong><\/h2>\t\t\t\t<\/div>\n\t\t\t\t<\/div>\n\t\t\t\t\t<\/div>\n\t\t<\/div>\n\t\t\t\t\t<\/div>\n\t\t<\/section>\n\t\t\t\t<section class=\"elementor-section elementor-top-section elementor-element elementor-element-b80d405 elementor-section-boxed elementor-section-height-default elementor-section-height-default parallax_section_no qode_elementor_container_no\" data-id=\"b80d405\" data-element_type=\"section\">\n\t\t\t\t\t\t<div class=\"elementor-container elementor-column-gap-default\">\n\t\t\t\t\t<div class=\"elementor-column elementor-col-100 elementor-top-column elementor-element elementor-element-2e598fe\" data-id=\"2e598fe\" data-element_type=\"column\">\n\t\t\t<div class=\"elementor-widget-wrap elementor-element-populated\">\n\t\t\t\t\t\t<div class=\"elementor-element elementor-element-2013ea3 elementor-widget elementor-widget-text-editor\" data-id=\"2013ea3\" data-element_type=\"widget\" data-widget_type=\"text-editor.default\">\n\t\t\t\t<div class=\"elementor-widget-container\">\n\t\t\t\t\t\t\t\t\t<h3><span style=\"color: #dc7215;\"><strong>Quand doit-on valoriser un avantage en nature v\u00e9hicule ?<\/strong><\/span><\/h3><p>Lorsque l&#8217;employeur met \u00e0 disposition du salari\u00e9, de fa\u00e7on permanente, un v\u00e9hicule qu&rsquo;il peut aussi utiliser \u00e0 titre priv\u00e9, c&rsquo;est-\u00e0-dire lorsque le salari\u00e9 n&rsquo;est pas tenu de restituer le v\u00e9hicule en dehors de ses p\u00e9riodes de travail, notamment en fin de semaine et pendant ses cong\u00e9s.<\/p><p>L&rsquo;avantage en nature r\u00e9sultant de l&rsquo;utilisation \u00e0 titre priv\u00e9 d&rsquo;un v\u00e9hicule de soci\u00e9t\u00e9 peut \u00eatre \u00e9valu\u00e9 forfaitairement ou sur la base des d\u00e9penses r\u00e9elles.<\/p>\t\t\t\t\t\t\t\t<\/div>\n\t\t\t\t<\/div>\n\t\t\t\t\t<\/div>\n\t\t<\/div>\n\t\t\t\t\t<\/div>\n\t\t<\/section>\n\t\t\t\t<section class=\"elementor-section elementor-top-section elementor-element elementor-element-50dfaec elementor-section-boxed elementor-section-height-default elementor-section-height-default parallax_section_no qode_elementor_container_no\" data-id=\"50dfaec\" data-element_type=\"section\">\n\t\t\t\t\t\t<div class=\"elementor-container elementor-column-gap-default\">\n\t\t\t\t\t<div class=\"elementor-column elementor-col-100 elementor-top-column elementor-element elementor-element-3b694c9\" data-id=\"3b694c9\" data-element_type=\"column\">\n\t\t\t<div class=\"elementor-widget-wrap elementor-element-populated\">\n\t\t\t\t\t\t<div class=\"elementor-element elementor-element-25dfaa1 elementor-widget elementor-widget-text-editor\" data-id=\"25dfaa1\" data-element_type=\"widget\" data-widget_type=\"text-editor.default\">\n\t\t\t\t<div class=\"elementor-widget-container\">\n\t\t\t\t\t\t\t\t\t<h3><span style=\"color: #dc7215;\"><strong>Comment valoriser un avantage en nature v\u00e9hicule sur la base des d\u00e9penses r\u00e9elles ?<\/strong><\/span><\/h3><h6><strong>D\u00e9penses r\u00e9elles annuelles (A)<\/strong><\/h6><ul><li>Amortissement de la valeur d&rsquo;achat du v\u00e9hicule ou co\u00fbt global annuel de la location<ul><li>Valeur d&rsquo;achat = prix d&rsquo;achat TTC apr\u00e8s remise mais compte non tenu du malus ou bonus \u00e9ventuel<\/li><li>Amortissement = 20% si v\u00e9hicule de 5 ans et moins ; 10% si le v\u00e9hicule a plus de 5 ans<\/li><\/ul><\/li><li>Prime assurance<\/li><li>Frais d&rsquo;entretien du v\u00e9hicule<\/li><\/ul><p>AN v\u00e9hicule =\u00a0A x nbre de km parcourus \u00e0 titre priv\u00e9\/ nbre de km total + frais r\u00e9el de carburant utilis\u00e9 pour l&rsquo;usage personnel du salari\u00e9 le cas \u00e9ch\u00e9ant<\/p><p><strong>Difficult\u00e9 de la m\u00e9thode<\/strong> : il faut suivre et justifier le kilom\u00e9trage effectu\u00e9 \u00e0 titre professionnel<\/p>\t\t\t\t\t\t\t\t<\/div>\n\t\t\t\t<\/div>\n\t\t\t\t\t<\/div>\n\t\t<\/div>\n\t\t\t\t\t<\/div>\n\t\t<\/section>\n\t\t\t\t<section class=\"elementor-section elementor-top-section elementor-element elementor-element-869e64f elementor-section-boxed elementor-section-height-default elementor-section-height-default parallax_section_no qode_elementor_container_no\" data-id=\"869e64f\" data-element_type=\"section\">\n\t\t\t\t\t\t<div class=\"elementor-container elementor-column-gap-default\">\n\t\t\t\t\t<div class=\"elementor-column elementor-col-100 elementor-top-column elementor-element elementor-element-c40715d\" data-id=\"c40715d\" data-element_type=\"column\">\n\t\t\t<div class=\"elementor-widget-wrap\">\n\t\t\t\t\t\t\t<\/div>\n\t\t<\/div>\n\t\t\t\t\t<\/div>\n\t\t<\/section>\n\t\t\t\t<section class=\"elementor-section elementor-top-section elementor-element elementor-element-48fc9a0 elementor-section-boxed elementor-section-height-default elementor-section-height-default parallax_section_no qode_elementor_container_no\" data-id=\"48fc9a0\" data-element_type=\"section\">\n\t\t\t\t\t\t<div class=\"elementor-container elementor-column-gap-default\">\n\t\t\t\t\t<div class=\"elementor-column elementor-col-100 elementor-top-column elementor-element elementor-element-8d34f97\" data-id=\"8d34f97\" data-element_type=\"column\">\n\t\t\t<div class=\"elementor-widget-wrap elementor-element-populated\">\n\t\t\t\t\t\t<div class=\"elementor-element elementor-element-c4b50cd elementor-widget elementor-widget-text-editor\" data-id=\"c4b50cd\" data-element_type=\"widget\" data-widget_type=\"text-editor.default\">\n\t\t\t\t<div class=\"elementor-widget-container\">\n\t\t\t\t\t\t\t\t\t<h4><span style=\"color: #dc7215;\"><strong><span style=\"color: #dc7200;\">Comment \u00e9valuer un avantage en nature v\u00e9hicule sur<\/span>\u00a0la base d&rsquo;une valeur forfaitaire<\/strong><\/span><\/h4><p>\u00a0<\/p><h6><strong>Quand dois-je appliquer les nouvelles modalit\u00e9s de calcul ?<\/strong><\/h6><ul><li>Suite au d\u00e9part du salari\u00e9 X, un v\u00e9hicule achet\u00e9 en mai 2023 a \u00e9t\u00e9 mis \u00e0 disposition du salari\u00e9 Y le 20 f\u00e9vrier 2025 &#8211;&gt; les nouvelles modalit\u00e9s s&rsquo;appliquent<\/li><li>Un v\u00e9hicule achet\u00e9 en janvier 2025 a \u00e9t\u00e9 mis \u00e0 disposition du salari\u00e9 Z le 25 janvier 2025 &#8211;&gt; les anciennes modalit\u00e9s s&rsquo;appliquent<\/li><\/ul><p>\u00a0<\/p><h6><strong>V\u00e9hicules mis \u00e0 disposition du salari\u00e9 <span style=\"text-decoration: underline;\">avant le 1er f\u00e9vrier 2025<\/span><\/strong><\/h6><ul><li><strong>L&#8217;employeur ne prend pas en charge le carburant<\/strong><ul><li>V\u00e9hicule achet\u00e9 : <strong>9%<\/strong> du prix TTC r\u00e9gl\u00e9 par l&rsquo;entreprise si le v\u00e9hicule a 5 ans ou moins ; si non <strong>6%<\/strong><\/li><li>V\u00e9hicule en location (avec ou sans option d&rsquo;achat) : <strong>30%<\/strong> du co\u00fbt global annuel (loyer + assurance + entretien)<\/li><\/ul><\/li><\/ul><ul><li><strong>L&#8217;employeur prend en charge les frais de carburant<\/strong><ul><li>V\u00e9hicule achet\u00e9 : <strong>9%<\/strong> du prix TTC r\u00e9gl\u00e9 par l&rsquo;entreprise si le v\u00e9hicule a 5 ans ou moins <em>major\u00e9 des d\u00e9penses de carburant pour l&rsquo;usage priv\u00e9 du v\u00e9hicule pay\u00e9es r\u00e9ellement par l&#8217;employeur<\/em> ; si non <strong>6%<\/strong><\/li><li>V\u00e9hicule en location (avec ou sans option d&rsquo;achat) : <strong>30%<\/strong> du co\u00fbt global annuel (loyer + assurance + entretien) <em> major\u00e9 des d\u00e9penses de carburant pour l&rsquo;usage priv\u00e9 du v\u00e9hicule pay\u00e9es r\u00e9ellement par l&#8217;employeur<\/em><\/li><\/ul><\/li><\/ul><p style=\"padding-left: 80px;\">ou<\/p><ul><li style=\"list-style-type: none;\"><ul><li>V\u00e9hicule achet\u00e9 : <strong>12%<\/strong> du prix TTC r\u00e9gl\u00e9 par l&rsquo;entreprise si le v\u00e9hicule a 5 ans ou moins ; si non <strong>9%<\/strong><\/li><li>V\u00e9hicule en location (avec ou sans option d&rsquo;achat) : <strong>40%<\/strong> du co\u00fbt global annuel (loyer + assurance + entretien+\u00a0 frais total de carburant) plafonn\u00e9 (cf r\u00e8gle de plafonnement ci-dessous : \u00a7pr\u00e9cisions)<\/li><\/ul><\/li><\/ul><p>\u00a0<\/p><h6><strong>V\u00e9hicules mis \u00e0 disposition du salari\u00e9 <span style=\"text-decoration: underline;\">\u00e0 compter le 1er f\u00e9vrier 2025<\/span><\/strong><\/h6><ul><li><strong>L&#8217;employeur ne prend pas en charge le carburant<\/strong><ul><li>V\u00e9hicule achet\u00e9 : <strong>15%<\/strong> du prix TTC r\u00e9gl\u00e9 par l&rsquo;entreprise si le v\u00e9hicule a 5 ans ou moins ; si non <strong>10%<\/strong><\/li><li>V\u00e9hicule en location (avec ou sans option d&rsquo;achat) :<strong> 50%<\/strong> du co\u00fbt global annuel (loyer + assurance + entretien)<\/li><\/ul><\/li><\/ul><ul><li><strong>L&#8217;employeur prend en charge les frais de carburant<\/strong><ul><li>V\u00e9hicule achet\u00e9 : <span style=\"color: #333300;\"><strong>15%<\/strong><\/span> du prix TTC r\u00e9gl\u00e9 par l&rsquo;entreprise si le v\u00e9hicule a 5 ans ou moins <em>major\u00e9 des d\u00e9penses de carburant pour l&rsquo;usage priv\u00e9 du v\u00e9hicule pay\u00e9es r\u00e9ellement par l&#8217;employeur<\/em>; si non 10%<\/li><li>V\u00e9hicule en location (avec ou sans option d&rsquo;achat) : <strong>50%<\/strong> du co\u00fbt global annuel (loyer + assurance + entretien) <em>major\u00e9 des d\u00e9penses de carburant pour l&rsquo;usage priv\u00e9 du v\u00e9hicule pay\u00e9es r\u00e9ellement par l&#8217;employeur<\/em><\/li><\/ul><\/li><\/ul><p style=\"padding-left: 80px;\">ou<\/p><ul><li style=\"list-style-type: none;\"><ul><li>V\u00e9hicule achet\u00e9 : <strong>20%<\/strong> du prix TTC r\u00e9gl\u00e9 par l&rsquo;entreprise si le v\u00e9hicule a 5 ans ou moins ; si non <strong>15%<\/strong><\/li><li>V\u00e9hicule en location (avec ou sans option d&rsquo;achat) : <strong>67%<\/strong> du co\u00fbt global annuel (loyer + assurance + entretien+\u00a0 frais total de carburant)<\/li><\/ul><\/li><\/ul><p>\u00a0<\/p><h6><b>Pr\u00e9cisions<\/b><\/h6><ul><li><strong>Valeur d&rsquo;achat<\/strong><ul><li>\u00a0prix d&rsquo;achat TTC apr\u00e8s remise et d\u00e9duction faite de la valeur de reprise d&rsquo;un ancien v\u00e9hicule mais compte non tenu du malus ou bonus \u00e9ventuel<\/li><li>Prix d&rsquo;chat du v\u00e9hicule r\u00e9gl\u00e9 par le louer ou le cr\u00e9dit-bailleur en cas d&rsquo;achat par l&rsquo;entreprise \u00e0 l&rsquo;issue d&rsquo;un contrat de location (avec ou sans option d&rsquo;achat)<\/li><\/ul><\/li><li><strong>Plafonnement de l&rsquo;AN des v\u00e9hicules pris en location<\/strong><ul><li>L&rsquo;\u00e9valuation obtenue est plafonn\u00e9e au montant de l&rsquo;avantage en nature \u00e9t\u00e9 \u00e9valu\u00e9 si l&#8217;employeur avait achet\u00e9 le v\u00e9hicule<\/li><li>Le prix d&rsquo;achat \u00e0 retenir est le prix d&rsquo;achat TTC du v\u00e9hicule par le loueur rabais compris, dans la limite de 30% du prix conseill\u00e9 par le constructeur pour la vente de v\u00e9hicule au jour du d\u00e9but de contrat. Il appartient aux loueurs de communiquer aux entreprises les \u00e9l\u00e9ments n\u00e9cessaires \u00e0 l&rsquo;application des r\u00e8gles mentionn\u00e9es ci-dessus. En l&rsquo;absence d&rsquo;information, le prix retenu sera la prix conseill\u00e9 d&rsquo;achat du v\u00e9hicule par le constructeur au jour du d\u00e9but du contrat de location.<\/li><\/ul><\/li><\/ul>\t\t\t\t\t\t\t\t<\/div>\n\t\t\t\t<\/div>\n\t\t\t\t<div class=\"elementor-element elementor-element-c120b41 elementor-widget-divider--view-line elementor-widget elementor-widget-divider\" data-id=\"c120b41\" data-element_type=\"widget\" data-widget_type=\"divider.default\">\n\t\t\t\t<div class=\"elementor-widget-container\">\n\t\t\t\t\t\t\t<div class=\"elementor-divider\">\n\t\t\t<span class=\"elementor-divider-separator\">\n\t\t\t\t\t\t<\/span>\n\t\t<\/div>\n\t\t\t\t\t\t<\/div>\n\t\t\t\t<\/div>\n\t\t\t\t\t<\/div>\n\t\t<\/div>\n\t\t\t\t\t<\/div>\n\t\t<\/section>\n\t\t\t\t<section class=\"elementor-section elementor-top-section elementor-element elementor-element-f811bee elementor-section-boxed elementor-section-height-default elementor-section-height-default parallax_section_no qode_elementor_container_no\" data-id=\"f811bee\" data-element_type=\"section\">\n\t\t\t\t\t\t<div class=\"elementor-container elementor-column-gap-default\">\n\t\t\t\t\t<div class=\"elementor-column elementor-col-100 elementor-top-column elementor-element elementor-element-ea8170d\" data-id=\"ea8170d\" data-element_type=\"column\">\n\t\t\t<div class=\"elementor-widget-wrap elementor-element-populated\">\n\t\t\t\t\t\t<div class=\"elementor-element elementor-element-f972d6f elementor-widget elementor-widget-text-editor\" data-id=\"f972d6f\" data-element_type=\"widget\" data-widget_type=\"text-editor.default\">\n\t\t\t\t<div class=\"elementor-widget-container\">\n\t\t\t\t\t\t\t\t\t<h2><span style=\"color: #dc7200;\"><strong>V\u00e9hicules \u00e9lectriques : maintien des r\u00e8gles d\u00e9rogatoires jusqu&rsquo;en 2027<\/strong><\/span><\/h2><h6><strong>V\u00e9hicules mis \u00e0 disposition <span style=\"text-decoration: underline;\">avant le 1er f\u00e9vrier 2025<\/span><\/strong><\/h6><p>L&rsquo;\u00e9valuation de l&rsquo;AN, qu&rsquo;elle soit au\u00a0 r\u00e9el ou forfaitaire (cf r\u00e8gles rappel\u00e9es au \u00a7 pr\u00e9c\u00e9dent) ne tient pas compte des frais d&rsquo;\u00e9lectricit\u00e9 engag\u00e9s par l&#8217;employeur pour la recharge du v\u00e9hicule et est retenue apr\u00e8s un abattement de 50% dans la limite de <strong>2.000,30 euros par an (valeur au 1er janvier 202<\/strong>5).<\/p><p style=\"padding-left: 40px;\"><strong><span style=\"color: #cd5900;\">Exemple<\/span><\/strong><\/p><p style=\"padding-left: 40px;\">Un salari\u00e9 b\u00e9n\u00e9ficie d&rsquo;un v\u00e9hicule \u00e9lectrique mis en circulation en 2023 achet\u00e9 30.000 euros<\/p><p style=\"padding-left: 40px;\">AN = 9% x 30.000 E = 2.700 E &#8211; abattement de 50% dans la limite de 2.000,30 E (1.350 E) = 1.350 E \/ an<\/p><h6><strong>V\u00e9hicules mis \u00e0 disposition <span style=\"text-decoration: underline;\">\u00e0 compter du 1er f\u00e9vrier 2025<\/span><\/strong><\/h6><ul><li>Les nouvelles r\u00e8gles d&rsquo;\u00e9valuation s&rsquo;appliquent<\/li><li>Les r\u00e8gles d\u00e9rogatoires r\u00e9serv\u00e9es aux v\u00e9hicules exclusivement \u00e9lectriques (non prise en compte des frais d&rsquo;\u00e9lectricit\u00e9 et abattement) s&rsquo;appliquent \u00e0 condition qu&rsquo;ils respectent un \u00e9co-score minimum<\/li><li>Le taux d&rsquo;abattement est diff\u00e9rent selon que l&rsquo;\u00e9valuation est au r\u00e9el ou forfaitaire<ul><li>En cas d\u2019\u00e9valuation sur la base d\u2019une valeur r\u00e9elle, l\u2019avantage est calcul\u00e9 apr\u00e8s application d&rsquo;un abattement de 50 % dans la limite de 2 000,30 euros par an (valeur au 1er janvier 2025)\u00a0<\/li><li>En cas d\u2019\u00e9valuation sur la base d\u2019une valeur forfaitaire, l\u2019avantage est calcul\u00e9 apr\u00e8s application d&rsquo;un abattement de 70 % dans la limite de 4 582 euros par an (valeur au 1er janvier 2025)<\/li><\/ul><\/li><\/ul><p>\u00a0<\/p><p style=\"padding-left: 40px;\"><strong><span style=\"color: #cd5900;\">Exemple<\/span><\/strong><\/p><p style=\"padding-left: 40px;\">A compter du 1er mars 2025, un salari\u00e9 b\u00e9n\u00e9ficie d&rsquo;un v\u00e9hicule \u00e9lectrique mis en circulation en 2023 achet\u00e9 30.000 euros<\/p><p style=\"padding-left: 40px;\">AN forfaitaire = 15% x 30.000 E = 4.500 E &#8211; abattement de 70% dans la limite de 4.582 E (3.150 E) = 1.350 E \/ an<\/p>\t\t\t\t\t\t\t\t<\/div>\n\t\t\t\t<\/div>\n\t\t\t\t<div class=\"elementor-element elementor-element-557409b elementor-widget-divider--view-line elementor-widget elementor-widget-divider\" data-id=\"557409b\" data-element_type=\"widget\" data-widget_type=\"divider.default\">\n\t\t\t\t<div class=\"elementor-widget-container\">\n\t\t\t\t\t\t\t<div class=\"elementor-divider\">\n\t\t\t<span class=\"elementor-divider-separator\">\n\t\t\t\t\t\t<\/span>\n\t\t<\/div>\n\t\t\t\t\t\t<\/div>\n\t\t\t\t<\/div>\n\t\t\t\t\t<\/div>\n\t\t<\/div>\n\t\t\t\t\t<\/div>\n\t\t<\/section>\n\t\t\t\t<\/div>\n\t\t","protected":false},"excerpt":{"rendered":"<p>Un arr\u00eat\u00e9 du 25 f\u00e9vrier 2025 r\u00e9forme les modalit\u00e9s d&rsquo;\u00e9valuation de l&rsquo;avantage en nature v\u00e9hicule pour les v\u00e9hicules mis \u00e0 disposition \u00e0 compter du 1er f\u00e9vrier 2025. Nous rappelons ci-apr\u00e8s les modalit\u00e9s de calcul pour vous permettre de s\u00e9curiser vos pratiques de gestion de la paie et vous d\u00e9taillons les modifications apport\u00e9es par le d\u00e9cret<\/p>\n","protected":false},"author":2,"featured_media":4640,"comment_status":"closed","ping_status":"closed","sticky":false,"template":"","format":"standard","meta":{"footnotes":""},"categories":[5],"tags":[],"yoast_head":"<!-- This site is optimized with the Yoast SEO Premium plugin v23.5 (Yoast SEO v23.5) - https:\/\/yoast.com\/wordpress\/plugins\/seo\/ -->\n<title>Avantage en nature v\u00e9hicules : nouvelles modalit\u00e9s<\/title>\n<meta name=\"description\" content=\"Un arr\u00eat\u00e9 du 25 f\u00e9vrier 2025 impacte la gestion de la paie en r\u00e9formant les modalit\u00e9s d&#039;\u00e9valuation de l&#039;avantage en nature v\u00e9hicule. Faisons le point.\" \/>\n<meta name=\"robots\" content=\"index, follow, max-snippet:-1, max-image-preview:large, max-video-preview:-1\" \/>\n<link rel=\"canonical\" href=\"https:\/\/skeliade.fr\/fr\/avantage-en-nature-vehicule-augmentation-des-evaluations-forfaitaires-a-compter-du-1er-fevrier-2025\/\" \/>\n<meta property=\"og:locale\" content=\"fr_FR\" \/>\n<meta property=\"og:type\" content=\"article\" \/>\n<meta property=\"og:title\" content=\"Avantage en nature v\u00e9hicule : augmentation des \u00e9valuations forfaitaires pour les v\u00e9hicules mis \u00e0 disposition \u00e0 compter du 1er f\u00e9vrier 2025 R\u00e9forme de l&#039;\u00e9valuation de l&#039;avantage en nature pour les v\u00e9hicules mis \u00e0 disposition \u00e0 partir du 1er f\u00e9vrier 2025\" \/>\n<meta property=\"og:description\" content=\"Un arr\u00eat\u00e9 du 25 f\u00e9vrier 2025 impacte la gestion de la paie puisqu&#039;il r\u00e9forme les modalit\u00e9s d&#039;\u00e9valuation de l&#039;avantage en nature v\u00e9hicule pour les v\u00e9hicules mis \u00e0 disposition \u00e0 compter du 1er f\u00e9vrier 2025. Si les modalit\u00e9s de calcul ne changent pas, les % applicables sont fortement augment\u00e9s.\" \/>\n<meta property=\"og:url\" content=\"https:\/\/skeliade.fr\/fr\/avantage-en-nature-vehicule-augmentation-des-evaluations-forfaitaires-a-compter-du-1er-fevrier-2025\/\" \/>\n<meta property=\"og:site_name\" content=\"Sk\u00e9liade\" \/>\n<meta property=\"article:published_time\" content=\"2025-03-13T17:55:15+00:00\" \/>\n<meta property=\"article:modified_time\" content=\"2025-03-20T15:28:09+00:00\" \/>\n<meta property=\"og:image\" content=\"https:\/\/skeliade.fr\/wp-content\/uploads\/2025\/03\/pexels-pixabay-voitures.jpg\" \/>\n\t<meta property=\"og:image:width\" content=\"640\" \/>\n\t<meta property=\"og:image:height\" content=\"480\" \/>\n\t<meta property=\"og:image:type\" content=\"image\/jpeg\" \/>\n<meta name=\"author\" content=\"Fabienne MAZEAUD\" \/>\n<meta name=\"twitter:card\" content=\"summary_large_image\" \/>\n<meta name=\"twitter:title\" content=\"Avantage en nature v\u00e9hicule : augmentation des \u00e9valuations forfaitaires pour les v\u00e9hicules mis \u00e0 disposition \u00e0 compter du 1er f\u00e9vrier 2025\" \/>\n<meta name=\"twitter:description\" content=\"Un arr\u00eat\u00e9 du 25 f\u00e9vrier 2025 impacte la gestion de la paie puisqu&#039;il r\u00e9forme les modalit\u00e9s d&#039;\u00e9valuation de l&#039;avantage en nature v\u00e9hicule pour les v\u00e9hicules mis \u00e0 disposition \u00e0 compter du 1er f\u00e9vrier 2025. Si les modalit\u00e9s de calcul ne changent pas, les % applicables sont fortement augment\u00e9s.\" \/>\n<meta name=\"twitter:label1\" content=\"\u00c9crit par\" \/>\n\t<meta name=\"twitter:data1\" content=\"Fabienne MAZEAUD\" \/>\n\t<meta name=\"twitter:label2\" content=\"Dur\u00e9e de lecture estim\u00e9e\" \/>\n\t<meta name=\"twitter:data2\" content=\"7 minutes\" \/>\n<script type=\"application\/ld+json\" class=\"yoast-schema-graph\">{\"@context\":\"https:\/\/schema.org\",\"@graph\":[{\"@type\":\"Article\",\"@id\":\"https:\/\/skeliade.fr\/fr\/avantage-en-nature-vehicule-augmentation-des-evaluations-forfaitaires-a-compter-du-1er-fevrier-2025\/#article\",\"isPartOf\":{\"@id\":\"https:\/\/skeliade.fr\/fr\/avantage-en-nature-vehicule-augmentation-des-evaluations-forfaitaires-a-compter-du-1er-fevrier-2025\/\"},\"author\":{\"name\":\"Fabienne MAZEAUD\",\"@id\":\"\/#\/schema\/person\/55500a1a2459ada4ec58c4aad6e054cb\"},\"headline\":\"Avantage en nature v\u00e9hicule : augmentation des \u00e9valuations forfaitaires pour les v\u00e9hicules mis \u00e0 disposition \u00e0 compter du 1er f\u00e9vrier 2025\",\"datePublished\":\"2025-03-13T17:55:15+00:00\",\"dateModified\":\"2025-03-20T15:28:09+00:00\",\"mainEntityOfPage\":{\"@id\":\"https:\/\/skeliade.fr\/fr\/avantage-en-nature-vehicule-augmentation-des-evaluations-forfaitaires-a-compter-du-1er-fevrier-2025\/\"},\"wordCount\":1216,\"publisher\":{\"@id\":\"\/#organization\"},\"image\":{\"@id\":\"https:\/\/skeliade.fr\/fr\/avantage-en-nature-vehicule-augmentation-des-evaluations-forfaitaires-a-compter-du-1er-fevrier-2025\/#primaryimage\"},\"thumbnailUrl\":\"https:\/\/skeliade.fr\/wp-content\/uploads\/2025\/03\/pexels-pixabay-voitures.jpg\",\"articleSection\":[\"Actualit\u00e9s\"],\"inLanguage\":\"fr-FR\"},{\"@type\":\"WebPage\",\"@id\":\"https:\/\/skeliade.fr\/fr\/avantage-en-nature-vehicule-augmentation-des-evaluations-forfaitaires-a-compter-du-1er-fevrier-2025\/\",\"url\":\"https:\/\/skeliade.fr\/fr\/avantage-en-nature-vehicule-augmentation-des-evaluations-forfaitaires-a-compter-du-1er-fevrier-2025\/\",\"name\":\"Avantage en nature v\u00e9hicules : nouvelles modalit\u00e9s\",\"isPartOf\":{\"@id\":\"\/#website\"},\"primaryImageOfPage\":{\"@id\":\"https:\/\/skeliade.fr\/fr\/avantage-en-nature-vehicule-augmentation-des-evaluations-forfaitaires-a-compter-du-1er-fevrier-2025\/#primaryimage\"},\"image\":{\"@id\":\"https:\/\/skeliade.fr\/fr\/avantage-en-nature-vehicule-augmentation-des-evaluations-forfaitaires-a-compter-du-1er-fevrier-2025\/#primaryimage\"},\"thumbnailUrl\":\"https:\/\/skeliade.fr\/wp-content\/uploads\/2025\/03\/pexels-pixabay-voitures.jpg\",\"datePublished\":\"2025-03-13T17:55:15+00:00\",\"dateModified\":\"2025-03-20T15:28:09+00:00\",\"description\":\"Un arr\u00eat\u00e9 du 25 f\u00e9vrier 2025 impacte la gestion de la paie en r\u00e9formant les modalit\u00e9s d'\u00e9valuation de l'avantage en nature v\u00e9hicule. Faisons le point.\",\"breadcrumb\":{\"@id\":\"https:\/\/skeliade.fr\/fr\/avantage-en-nature-vehicule-augmentation-des-evaluations-forfaitaires-a-compter-du-1er-fevrier-2025\/#breadcrumb\"},\"inLanguage\":\"fr-FR\",\"potentialAction\":[{\"@type\":\"ReadAction\",\"target\":[\"https:\/\/skeliade.fr\/fr\/avantage-en-nature-vehicule-augmentation-des-evaluations-forfaitaires-a-compter-du-1er-fevrier-2025\/\"]}]},{\"@type\":\"ImageObject\",\"inLanguage\":\"fr-FR\",\"@id\":\"https:\/\/skeliade.fr\/fr\/avantage-en-nature-vehicule-augmentation-des-evaluations-forfaitaires-a-compter-du-1er-fevrier-2025\/#primaryimage\",\"url\":\"https:\/\/skeliade.fr\/wp-content\/uploads\/2025\/03\/pexels-pixabay-voitures.jpg\",\"contentUrl\":\"https:\/\/skeliade.fr\/wp-content\/uploads\/2025\/03\/pexels-pixabay-voitures.jpg\",\"width\":640,\"height\":480,\"caption\":\"Gestion de la paie : des nouveaut\u00e9s importantes pour \u00e9valuer les avantages en nature v\u00e9hicule\"},{\"@type\":\"BreadcrumbList\",\"@id\":\"https:\/\/skeliade.fr\/fr\/avantage-en-nature-vehicule-augmentation-des-evaluations-forfaitaires-a-compter-du-1er-fevrier-2025\/#breadcrumb\",\"itemListElement\":[{\"@type\":\"ListItem\",\"position\":1,\"name\":\"Home\",\"item\":\"https:\/\/skeliade.fr\/fr\/\"},{\"@type\":\"ListItem\",\"position\":2,\"name\":\"Avantage en nature v\u00e9hicule : augmentation des \u00e9valuations forfaitaires pour les v\u00e9hicules mis \u00e0 disposition \u00e0 compter du 1er f\u00e9vrier 2025\"}]},{\"@type\":\"WebSite\",\"@id\":\"\/#website\",\"url\":\"\/\",\"name\":\"Sk\u00e9liade\",\"description\":\"Gestion externalis\u00e9e de la paie et du personnel\",\"publisher\":{\"@id\":\"\/#organization\"},\"potentialAction\":[{\"@type\":\"SearchAction\",\"target\":{\"@type\":\"EntryPoint\",\"urlTemplate\":\"\/?s={search_term_string}\"},\"query-input\":{\"@type\":\"PropertyValueSpecification\",\"valueRequired\":true,\"valueName\":\"search_term_string\"}}],\"inLanguage\":\"fr-FR\"},{\"@type\":\"Organization\",\"@id\":\"\/#organization\",\"name\":\"Sk\u00e9liade\",\"url\":\"\/\",\"logo\":{\"@type\":\"ImageObject\",\"inLanguage\":\"fr-FR\",\"@id\":\"\/#\/schema\/logo\/image\/\",\"url\":\"https:\/\/skeliade.fr\/wp-content\/uploads\/2021\/03\/SKELIADE_Logo.png\",\"contentUrl\":\"https:\/\/skeliade.fr\/wp-content\/uploads\/2021\/03\/SKELIADE_Logo.png\",\"width\":500,\"height\":156,\"caption\":\"Sk\u00e9liade\"},\"image\":{\"@id\":\"\/#\/schema\/logo\/image\/\"},\"sameAs\":[\"https:\/\/fr.linkedin.com\/company\/skeliade\"]},{\"@type\":\"Person\",\"@id\":\"\/#\/schema\/person\/55500a1a2459ada4ec58c4aad6e054cb\",\"name\":\"Fabienne MAZEAUD\"}]}<\/script>\n<!-- \/ Yoast SEO Premium plugin. -->","yoast_head_json":{"title":"Avantage en nature v\u00e9hicules : nouvelles modalit\u00e9s","description":"Un arr\u00eat\u00e9 du 25 f\u00e9vrier 2025 impacte la gestion de la paie en r\u00e9formant les modalit\u00e9s d'\u00e9valuation de l'avantage en nature v\u00e9hicule. Faisons le point.","robots":{"index":"index","follow":"follow","max-snippet":"max-snippet:-1","max-image-preview":"max-image-preview:large","max-video-preview":"max-video-preview:-1"},"canonical":"https:\/\/skeliade.fr\/fr\/avantage-en-nature-vehicule-augmentation-des-evaluations-forfaitaires-a-compter-du-1er-fevrier-2025\/","og_locale":"fr_FR","og_type":"article","og_title":"Avantage en nature v\u00e9hicule : augmentation des \u00e9valuations forfaitaires pour les v\u00e9hicules mis \u00e0 disposition \u00e0 compter du 1er f\u00e9vrier 2025 R\u00e9forme de l'\u00e9valuation de l'avantage en nature pour les v\u00e9hicules mis \u00e0 disposition \u00e0 partir du 1er f\u00e9vrier 2025","og_description":"Un arr\u00eat\u00e9 du 25 f\u00e9vrier 2025 impacte la gestion de la paie puisqu'il r\u00e9forme les modalit\u00e9s d'\u00e9valuation de l'avantage en nature v\u00e9hicule pour les v\u00e9hicules mis \u00e0 disposition \u00e0 compter du 1er f\u00e9vrier 2025. Si les modalit\u00e9s de calcul ne changent pas, les % applicables sont fortement augment\u00e9s.","og_url":"https:\/\/skeliade.fr\/fr\/avantage-en-nature-vehicule-augmentation-des-evaluations-forfaitaires-a-compter-du-1er-fevrier-2025\/","og_site_name":"Sk\u00e9liade","article_published_time":"2025-03-13T17:55:15+00:00","article_modified_time":"2025-03-20T15:28:09+00:00","og_image":[{"width":640,"height":480,"url":"https:\/\/skeliade.fr\/wp-content\/uploads\/2025\/03\/pexels-pixabay-voitures.jpg","type":"image\/jpeg"}],"author":"Fabienne MAZEAUD","twitter_card":"summary_large_image","twitter_title":"Avantage en nature v\u00e9hicule : augmentation des \u00e9valuations forfaitaires pour les v\u00e9hicules mis \u00e0 disposition \u00e0 compter du 1er f\u00e9vrier 2025","twitter_description":"Un arr\u00eat\u00e9 du 25 f\u00e9vrier 2025 impacte la gestion de la paie puisqu'il r\u00e9forme les modalit\u00e9s d'\u00e9valuation de l'avantage en nature v\u00e9hicule pour les v\u00e9hicules mis \u00e0 disposition \u00e0 compter du 1er f\u00e9vrier 2025. Si les modalit\u00e9s de calcul ne changent pas, les % applicables sont fortement augment\u00e9s.","twitter_misc":{"\u00c9crit par":"Fabienne MAZEAUD","Dur\u00e9e de lecture estim\u00e9e":"7 minutes"},"schema":{"@context":"https:\/\/schema.org","@graph":[{"@type":"Article","@id":"https:\/\/skeliade.fr\/fr\/avantage-en-nature-vehicule-augmentation-des-evaluations-forfaitaires-a-compter-du-1er-fevrier-2025\/#article","isPartOf":{"@id":"https:\/\/skeliade.fr\/fr\/avantage-en-nature-vehicule-augmentation-des-evaluations-forfaitaires-a-compter-du-1er-fevrier-2025\/"},"author":{"name":"Fabienne MAZEAUD","@id":"\/#\/schema\/person\/55500a1a2459ada4ec58c4aad6e054cb"},"headline":"Avantage en nature v\u00e9hicule : augmentation des \u00e9valuations forfaitaires pour les v\u00e9hicules mis \u00e0 disposition \u00e0 compter du 1er f\u00e9vrier 2025","datePublished":"2025-03-13T17:55:15+00:00","dateModified":"2025-03-20T15:28:09+00:00","mainEntityOfPage":{"@id":"https:\/\/skeliade.fr\/fr\/avantage-en-nature-vehicule-augmentation-des-evaluations-forfaitaires-a-compter-du-1er-fevrier-2025\/"},"wordCount":1216,"publisher":{"@id":"\/#organization"},"image":{"@id":"https:\/\/skeliade.fr\/fr\/avantage-en-nature-vehicule-augmentation-des-evaluations-forfaitaires-a-compter-du-1er-fevrier-2025\/#primaryimage"},"thumbnailUrl":"https:\/\/skeliade.fr\/wp-content\/uploads\/2025\/03\/pexels-pixabay-voitures.jpg","articleSection":["Actualit\u00e9s"],"inLanguage":"fr-FR"},{"@type":"WebPage","@id":"https:\/\/skeliade.fr\/fr\/avantage-en-nature-vehicule-augmentation-des-evaluations-forfaitaires-a-compter-du-1er-fevrier-2025\/","url":"https:\/\/skeliade.fr\/fr\/avantage-en-nature-vehicule-augmentation-des-evaluations-forfaitaires-a-compter-du-1er-fevrier-2025\/","name":"Avantage en nature v\u00e9hicules : nouvelles modalit\u00e9s","isPartOf":{"@id":"\/#website"},"primaryImageOfPage":{"@id":"https:\/\/skeliade.fr\/fr\/avantage-en-nature-vehicule-augmentation-des-evaluations-forfaitaires-a-compter-du-1er-fevrier-2025\/#primaryimage"},"image":{"@id":"https:\/\/skeliade.fr\/fr\/avantage-en-nature-vehicule-augmentation-des-evaluations-forfaitaires-a-compter-du-1er-fevrier-2025\/#primaryimage"},"thumbnailUrl":"https:\/\/skeliade.fr\/wp-content\/uploads\/2025\/03\/pexels-pixabay-voitures.jpg","datePublished":"2025-03-13T17:55:15+00:00","dateModified":"2025-03-20T15:28:09+00:00","description":"Un arr\u00eat\u00e9 du 25 f\u00e9vrier 2025 impacte la gestion de la paie en r\u00e9formant les modalit\u00e9s d'\u00e9valuation de l'avantage en nature v\u00e9hicule. Faisons le point.","breadcrumb":{"@id":"https:\/\/skeliade.fr\/fr\/avantage-en-nature-vehicule-augmentation-des-evaluations-forfaitaires-a-compter-du-1er-fevrier-2025\/#breadcrumb"},"inLanguage":"fr-FR","potentialAction":[{"@type":"ReadAction","target":["https:\/\/skeliade.fr\/fr\/avantage-en-nature-vehicule-augmentation-des-evaluations-forfaitaires-a-compter-du-1er-fevrier-2025\/"]}]},{"@type":"ImageObject","inLanguage":"fr-FR","@id":"https:\/\/skeliade.fr\/fr\/avantage-en-nature-vehicule-augmentation-des-evaluations-forfaitaires-a-compter-du-1er-fevrier-2025\/#primaryimage","url":"https:\/\/skeliade.fr\/wp-content\/uploads\/2025\/03\/pexels-pixabay-voitures.jpg","contentUrl":"https:\/\/skeliade.fr\/wp-content\/uploads\/2025\/03\/pexels-pixabay-voitures.jpg","width":640,"height":480,"caption":"Gestion de la paie : des nouveaut\u00e9s importantes pour \u00e9valuer les avantages en nature v\u00e9hicule"},{"@type":"BreadcrumbList","@id":"https:\/\/skeliade.fr\/fr\/avantage-en-nature-vehicule-augmentation-des-evaluations-forfaitaires-a-compter-du-1er-fevrier-2025\/#breadcrumb","itemListElement":[{"@type":"ListItem","position":1,"name":"Home","item":"https:\/\/skeliade.fr\/fr\/"},{"@type":"ListItem","position":2,"name":"Avantage en nature v\u00e9hicule : augmentation des \u00e9valuations forfaitaires pour les v\u00e9hicules mis \u00e0 disposition \u00e0 compter du 1er f\u00e9vrier 2025"}]},{"@type":"WebSite","@id":"\/#website","url":"\/","name":"Sk\u00e9liade","description":"Gestion externalis\u00e9e de la paie et du personnel","publisher":{"@id":"\/#organization"},"potentialAction":[{"@type":"SearchAction","target":{"@type":"EntryPoint","urlTemplate":"\/?s={search_term_string}"},"query-input":{"@type":"PropertyValueSpecification","valueRequired":true,"valueName":"search_term_string"}}],"inLanguage":"fr-FR"},{"@type":"Organization","@id":"\/#organization","name":"Sk\u00e9liade","url":"\/","logo":{"@type":"ImageObject","inLanguage":"fr-FR","@id":"\/#\/schema\/logo\/image\/","url":"https:\/\/skeliade.fr\/wp-content\/uploads\/2021\/03\/SKELIADE_Logo.png","contentUrl":"https:\/\/skeliade.fr\/wp-content\/uploads\/2021\/03\/SKELIADE_Logo.png","width":500,"height":156,"caption":"Sk\u00e9liade"},"image":{"@id":"\/#\/schema\/logo\/image\/"},"sameAs":["https:\/\/fr.linkedin.com\/company\/skeliade"]},{"@type":"Person","@id":"\/#\/schema\/person\/55500a1a2459ada4ec58c4aad6e054cb","name":"Fabienne MAZEAUD"}]}},"_links":{"self":[{"href":"https:\/\/skeliade.fr\/fr\/wp-json\/wp\/v2\/posts\/4648"}],"collection":[{"href":"https:\/\/skeliade.fr\/fr\/wp-json\/wp\/v2\/posts"}],"about":[{"href":"https:\/\/skeliade.fr\/fr\/wp-json\/wp\/v2\/types\/post"}],"author":[{"embeddable":true,"href":"https:\/\/skeliade.fr\/fr\/wp-json\/wp\/v2\/users\/2"}],"replies":[{"embeddable":true,"href":"https:\/\/skeliade.fr\/fr\/wp-json\/wp\/v2\/comments?post=4648"}],"version-history":[{"count":88,"href":"https:\/\/skeliade.fr\/fr\/wp-json\/wp\/v2\/posts\/4648\/revisions"}],"predecessor-version":[{"id":4712,"href":"https:\/\/skeliade.fr\/fr\/wp-json\/wp\/v2\/posts\/4648\/revisions\/4712"}],"wp:featuredmedia":[{"embeddable":true,"href":"https:\/\/skeliade.fr\/fr\/wp-json\/wp\/v2\/media\/4640"}],"wp:attachment":[{"href":"https:\/\/skeliade.fr\/fr\/wp-json\/wp\/v2\/media?parent=4648"}],"wp:term":[{"taxonomy":"category","embeddable":true,"href":"https:\/\/skeliade.fr\/fr\/wp-json\/wp\/v2\/categories?post=4648"},{"taxonomy":"post_tag","embeddable":true,"href":"https:\/\/skeliade.fr\/fr\/wp-json\/wp\/v2\/tags?post=4648"}],"curies":[{"name":"wp","href":"https:\/\/api.w.org\/{rel}","templated":true}]}}