{"id":4084,"date":"2022-10-06T11:00:01","date_gmt":"2022-10-06T09:00:01","guid":{"rendered":"https:\/\/skeliade.fr\/prime-de-partage-de-valeur-pour-qui-comment-quelles-exonerations-2\/"},"modified":"2022-10-13T14:39:48","modified_gmt":"2022-10-13T12:39:48","slug":"epagne-salariale-au-service-du-pouvoir-d-achat","status":"publish","type":"post","link":"https:\/\/skeliade.fr\/fr\/epagne-salariale-au-service-du-pouvoir-d-achat\/","title":{"rendered":"L&rsquo;\u00e9pargne salariale au service du pouvoir d&rsquo;achat"},"content":{"rendered":"\t\t<div data-elementor-type=\"wp-post\" data-elementor-id=\"4084\" class=\"elementor elementor-4084\">\n\t\t\t\t\t\t<section class=\"elementor-section elementor-top-section elementor-element elementor-element-7b4474b7 elementor-section-boxed elementor-section-height-default elementor-section-height-default parallax_section_no qode_elementor_container_no\" data-id=\"7b4474b7\" data-element_type=\"section\">\n\t\t\t\t\t\t<div class=\"elementor-container elementor-column-gap-default\">\n\t\t\t\t\t<div class=\"elementor-column elementor-col-50 elementor-top-column elementor-element elementor-element-706b1f5\" data-id=\"706b1f5\" data-element_type=\"column\">\n\t\t\t<div class=\"elementor-widget-wrap elementor-element-populated\">\n\t\t\t\t\t\t<div class=\"elementor-element elementor-element-c34f3e2 elementor-absolute elementor-widget elementor-widget-image\" data-id=\"c34f3e2\" data-element_type=\"widget\" data-settings=\"{&quot;_position&quot;:&quot;absolute&quot;}\" data-widget_type=\"image.default\">\n\t\t\t\t<div class=\"elementor-widget-container\">\n\t\t\t\t\t\t\t\t\t\t\t\t\t\t\t<img fetchpriority=\"high\" decoding=\"async\" width=\"1257\" height=\"835\" src=\"https:\/\/skeliade.fr\/wp-content\/uploads\/2022\/03\/iStock-pouvoir-achat.jpg\" class=\"attachment-full size-full wp-image-4067\" alt=\"Mesures de soutien au pouvoir d&#039;achat\" srcset=\"https:\/\/skeliade.fr\/wp-content\/uploads\/2022\/03\/iStock-pouvoir-achat.jpg 1257w, https:\/\/skeliade.fr\/wp-content\/uploads\/2022\/03\/iStock-pouvoir-achat-300x199.jpg 300w, https:\/\/skeliade.fr\/wp-content\/uploads\/2022\/03\/iStock-pouvoir-achat-1024x680.jpg 1024w, https:\/\/skeliade.fr\/wp-content\/uploads\/2022\/03\/iStock-pouvoir-achat-768x510.jpg 768w, https:\/\/skeliade.fr\/wp-content\/uploads\/2022\/03\/iStock-pouvoir-achat-700x465.jpg 700w\" sizes=\"(max-width: 1257px) 100vw, 1257px\" \/>\t\t\t\t\t\t\t\t\t\t\t\t\t\t\t<\/div>\n\t\t\t\t<\/div>\n\t\t\t\t\t<\/div>\n\t\t<\/div>\n\t\t\t\t<div class=\"elementor-column elementor-col-50 elementor-top-column elementor-element elementor-element-154018a1\" data-id=\"154018a1\" data-element_type=\"column\">\n\t\t\t<div class=\"elementor-widget-wrap elementor-element-populated\">\n\t\t\t\t\t\t<div class=\"elementor-element elementor-element-12ca747d elementor-widget elementor-widget-text-editor\" data-id=\"12ca747d\" data-element_type=\"widget\" data-widget_type=\"text-editor.default\">\n\t\t\t\t<div class=\"elementor-widget-container\">\n\t\t\t\t\t\t\t\t\t<p>\u00a0<\/p><p>\u00a0<\/p><p>Pour renforcer le pouvoir d&rsquo;achat, la loi du 16 ao\u00fbt 2022<\/p><ul><li>cr\u00e9e un cas exceptionnel de d\u00e9blocage anticip\u00e9 de l&rsquo;\u00e9pargne salariale,<\/li><li>facilite le recours \u00e0 l&rsquo;int\u00e9ressement<\/li><li>s\u00e9curise les accords d&rsquo;int\u00e9ressement<\/li><\/ul><p>\u00a0<\/p><p>\u00a0<\/p><p>\u00a0<\/p>\t\t\t\t\t\t\t\t<\/div>\n\t\t\t\t<\/div>\n\t\t\t\t\t<\/div>\n\t\t<\/div>\n\t\t\t\t\t<\/div>\n\t\t<\/section>\n\t\t\t\t<section class=\"elementor-section elementor-top-section elementor-element elementor-element-fb92140 elementor-section-boxed elementor-section-height-default elementor-section-height-default parallax_section_no qode_elementor_container_no\" data-id=\"fb92140\" data-element_type=\"section\">\n\t\t\t\t\t\t<div class=\"elementor-container elementor-column-gap-default\">\n\t\t\t\t\t<div class=\"elementor-column elementor-col-100 elementor-top-column elementor-element elementor-element-ea6cc0e\" data-id=\"ea6cc0e\" data-element_type=\"column\">\n\t\t\t<div class=\"elementor-widget-wrap\">\n\t\t\t\t\t\t\t<\/div>\n\t\t<\/div>\n\t\t\t\t\t<\/div>\n\t\t<\/section>\n\t\t\t\t<section class=\"elementor-section elementor-top-section elementor-element elementor-element-5362d96 elementor-section-boxed elementor-section-height-default elementor-section-height-default parallax_section_no qode_elementor_container_no\" data-id=\"5362d96\" data-element_type=\"section\">\n\t\t\t\t\t\t<div class=\"elementor-container elementor-column-gap-default\">\n\t\t\t\t\t<div class=\"elementor-column elementor-col-100 elementor-top-column elementor-element elementor-element-37e8ffc\" data-id=\"37e8ffc\" data-element_type=\"column\">\n\t\t\t<div class=\"elementor-widget-wrap elementor-element-populated\">\n\t\t\t\t\t\t<div class=\"elementor-element elementor-element-0cfbf64 elementor-widget elementor-widget-spacer\" data-id=\"0cfbf64\" data-element_type=\"widget\" data-widget_type=\"spacer.default\">\n\t\t\t\t<div class=\"elementor-widget-container\">\n\t\t\t\t\t\t\t<div class=\"elementor-spacer\">\n\t\t\t<div class=\"elementor-spacer-inner\"><\/div>\n\t\t<\/div>\n\t\t\t\t\t\t<\/div>\n\t\t\t\t<\/div>\n\t\t\t\t\t<\/div>\n\t\t<\/div>\n\t\t\t\t\t<\/div>\n\t\t<\/section>\n\t\t\t\t<section class=\"elementor-section elementor-top-section elementor-element elementor-element-869e64f elementor-section-boxed elementor-section-height-default elementor-section-height-default parallax_section_no qode_elementor_container_no\" data-id=\"869e64f\" data-element_type=\"section\">\n\t\t\t\t\t\t<div class=\"elementor-container elementor-column-gap-default\">\n\t\t\t\t\t<div class=\"elementor-column elementor-col-100 elementor-top-column elementor-element elementor-element-c40715d\" data-id=\"c40715d\" data-element_type=\"column\">\n\t\t\t<div class=\"elementor-widget-wrap elementor-element-populated\">\n\t\t\t\t\t\t<div class=\"elementor-element elementor-element-c4b50cd elementor-widget elementor-widget-text-editor\" data-id=\"c4b50cd\" data-element_type=\"widget\" data-widget_type=\"text-editor.default\">\n\t\t\t\t<div class=\"elementor-widget-container\">\n\t\t\t\t\t\t\t\t\t<h3><strong><span style=\"color: #dd7200;\"><span style=\"color: #dc7200;\">D\u00e9blocage exceptionnel de l&rsquo;\u00e9pargne salariale avant le 31 d\u00e9cembre 2022<\/span><\/span><\/strong><\/h3><p>\u00a0<\/p><p><span style=\"color: #dc7215;\"><strong>Possibilit\u00e9 de d\u00e9bloquer l&rsquo;\u00e9pargne salariale pour l&rsquo;achat de biens et de services<\/strong><\/span><\/p><p>Les sommes issues de l&rsquo;int\u00e9ressement et de la participation et plac\u00e9es sur un Plan d&rsquo;Epargne (PEE ou PEI) sont exon\u00e9r\u00e9es d&rsquo;imp\u00f4t sur le revenu \u00e0 condition d&rsquo;\u00eatre bloqu\u00e9es pour une dur\u00e9e de 5 ans au moins. Les possibilit\u00e9s de d\u00e9blocage anticip\u00e9 permettant de conserver cet avantage fiscal sont fix\u00e9es par l&rsquo;article R.3324-22 du code du travail : mariage, cessation du contrat, naissance ou adoption d&rsquo;un 3\u00e8me enfant &#8230;<\/p><p>La loi pouvoir d&rsquo;achat du 16 ao\u00fbt 2022 cr\u00e9e un nouveau cas de d\u00e9blocage anticip\u00e9 de la participation et de l&rsquo;int\u00e9ressement pour financer <strong>l&rsquo;achat d&rsquo;un ou plusieurs biens ou services<\/strong>.<\/p><p>Le salari\u00e9 n&rsquo;a pas \u00e0 justifier l&rsquo;utilisation des sommes d\u00e9bloqu\u00e9es aupr\u00e8s de son employeur. Il doit cependant conserver les pi\u00e8ces justificatives attestant l&rsquo;usage des sommes d\u00e9bloqu\u00e9es et les tenir \u00e0 disposition de l&rsquo;administration fiscale.<\/p><p>La loi d\u00e9finit une date limite pour la demande de d\u00e9blocage (<strong>31 d\u00e9cembre 2022<\/strong>) mais ne pr\u00e9voit pas de d\u00e9lais pour effectuer les achats de biens et de services. De m\u00eame, elle ne pr\u00e9cise pas le type de biens et services concern\u00e9s ni leur quantit\u00e9.<\/p><p><span style=\"color: #dc7215;\"><strong>Demande de d\u00e9blocage exceptionnel plafonn\u00e9e \u00e0 10.000 euros et \u00e0 faire avant le 31 d\u00e9cembre 2022<\/strong><\/span><\/p><p>Le salari\u00e9 peut d\u00e9bloquer tout ou partie de ses droits sachant que le d\u00e9blocage peut aller <strong>jusqu&rsquo;\u00e0 10.000 euros<\/strong> et <strong>se<\/strong> <strong>fait en une seule fois<\/strong>.<\/p><p>La demande doit \u00eatre <strong>formul\u00e9e entre le 18 ao\u00fbt 2022 et le 31 d\u00e9cembre 2<\/strong><strong>022<\/strong>.<\/p><p><span style=\"color: #dc7215;\"><strong>Quelle sommes peuvent \u00eatre d\u00e9bloqu\u00e9es ?<\/strong><\/span><\/p><p>Peuvent \u00eatre d\u00e9bloqu\u00e9es les <strong>sommes plac\u00e9es avant le 1er janvier 2022<\/strong><\/p><ul><li style=\"list-style-type: none;\"><ul><li style=\"list-style-type: none;\"><ul><li>au titre de la participation et de l&rsquo;int\u00e9ressement sur un plan d&rsquo;\u00e9pargne (PEE ou PEI)<\/li><li>sur un compte courant bloqu\u00e9 (s&rsquo;agissant des entreprises qui n&rsquo;ont pas rempli leur obligation de mettre en place la participation)<\/li><\/ul><\/li><\/ul><\/li><\/ul><p>Le d\u00e9blocage des sommes affect\u00e9es \u00e0 l&rsquo;acquisition de parts de fonds investis dans des entreprises solidaires et pour celles affect\u00e9es \u00e0 des plans d&rsquo;\u00e9pargne retraite type PERCO n&rsquo;est pas autoris\u00e9.<\/p><p>Lorsque l&rsquo;int\u00e9ressement ou la participation a \u00e9t\u00e9 affect\u00e9 \u00e0 l&rsquo;acquisition de titres d&rsquo;entreprise, sur un fonds commun de placement entreprise ou dans une soci\u00e9t\u00e9 d&rsquo;investissement \u00e0 capital variable d&rsquo;actionnariat salari\u00e9, le d\u00e9blocage est subordonn\u00e9 \u00e0 la conclusion d&rsquo;un accord collectif<\/p><p><span style=\"color: #dc7215;\"><strong>Obligations de l&#8217;employeur<\/strong><\/span><\/p><p><strong>L&#8217;employeur doit informer les salari\u00e9s<\/strong> b\u00e9n\u00e9ficiaires de l&rsquo;int\u00e9ressement ou\/et de la participation de cette nouvelle possibilit\u00e9 de d\u00e9blocage<strong> avant le 16 octobre 2022<\/strong><\/p><p>Il est \u00e9galement tenu de d\u00e9clarer \u00e0 l&rsquo;administration fiscale le montant des sommes d\u00e9bloqu\u00e9es dans ce cadre si l&rsquo;organisme gestionnaire ne le fait pas.<\/p><p><span style=\"color: #999999;\"><em>Cf mod\u00e8le de note d&rsquo;information disponible dans la rubrique d\u00e9di\u00e9e<\/em><\/span><\/p>\t\t\t\t\t\t\t\t<\/div>\n\t\t\t\t<\/div>\n\t\t\t\t<div class=\"elementor-element elementor-element-017386e elementor-widget elementor-widget-spacer\" data-id=\"017386e\" data-element_type=\"widget\" data-widget_type=\"spacer.default\">\n\t\t\t\t<div class=\"elementor-widget-container\">\n\t\t\t\t\t\t\t<div class=\"elementor-spacer\">\n\t\t\t<div class=\"elementor-spacer-inner\"><\/div>\n\t\t<\/div>\n\t\t\t\t\t\t<\/div>\n\t\t\t\t<\/div>\n\t\t\t\t\t<\/div>\n\t\t<\/div>\n\t\t\t\t\t<\/div>\n\t\t<\/section>\n\t\t\t\t<\/div>\n\t\t","protected":false},"excerpt":{"rendered":"<p>La loi \u00ab\u00a0Pouvoir d&rsquo;achat\u00a0\u00bb du 16 ao\u00fbt 2022 pr\u00e9voit un nouveau cas de d\u00e9blocage anticip\u00e9 de la participation et de l&rsquo;int\u00e9ressement pour l&rsquo;achat d&rsquo;un ou plusieurs biens et services. La demande de d\u00e9blocage est plafonn\u00e9e \u00e0 10.000 euros et se fait en une seule fois sur une p\u00e9riode limit\u00e9e, savoir du 18 ao\u00fbt au 31 d\u00e9cembre 2022.<\/p>\n","protected":false},"author":2,"featured_media":4067,"comment_status":"closed","ping_status":"closed","sticky":false,"template":"","format":"standard","meta":{"footnotes":""},"categories":[5],"tags":[],"yoast_head":"<!-- This site is optimized with the Yoast SEO Premium plugin v23.5 (Yoast SEO v23.5) - https:\/\/yoast.com\/wordpress\/plugins\/seo\/ -->\n<title>L&#039;\u00e9pargne salariale au service du pouvoir d&#039;achat &#8226; Sk\u00e9liade<\/title>\n<meta name=\"description\" content=\"La loi &quot;Pouvoir d&#039;achat&quot; du 16 ao\u00fbt 2022 pr\u00e9voit un nouveau cas de d\u00e9blocage anticip\u00e9 de la participation et de l&#039;int\u00e9ressement pour l&#039;achat d&#039;un ou plusieurs biens et services. La demande de d\u00e9blocage est plafonn\u00e9e \u00e0 10.000 euros et se fait en une seule fois sur une p\u00e9riode limit\u00e9e, savoir du 18 ao\u00fbt au 31 d\u00e9cembre 2022.\" \/>\n<meta name=\"robots\" content=\"index, follow, max-snippet:-1, max-image-preview:large, max-video-preview:-1\" \/>\n<link rel=\"canonical\" href=\"https:\/\/skeliade.fr\/fr\/epagne-salariale-au-service-du-pouvoir-d-achat\/\" \/>\n<meta property=\"og:locale\" content=\"fr_FR\" \/>\n<meta property=\"og:type\" content=\"article\" \/>\n<meta property=\"og:title\" content=\"L&#039;\u00e9pargne salariale au service du pouvoir d&#039;achat\" \/>\n<meta property=\"og:description\" content=\"La loi &quot;Pouvoir d&#039;achat&quot; du 16 ao\u00fbt 2022 pr\u00e9voit un nouveau cas de d\u00e9blocage anticip\u00e9 de la participation et de l&#039;int\u00e9ressement pour l&#039;achat d&#039;un ou plusieurs biens et services. La demande de d\u00e9blocage est plafonn\u00e9e \u00e0 10.000 euros et se fait en une seule fois sur une p\u00e9riode limit\u00e9e, savoir du 18 ao\u00fbt au 31 d\u00e9cembre 2022.\" \/>\n<meta property=\"og:url\" content=\"https:\/\/skeliade.fr\/fr\/epagne-salariale-au-service-du-pouvoir-d-achat\/\" \/>\n<meta property=\"og:site_name\" content=\"Sk\u00e9liade\" \/>\n<meta property=\"article:published_time\" content=\"2022-10-06T09:00:01+00:00\" \/>\n<meta property=\"article:modified_time\" content=\"2022-10-13T12:39:48+00:00\" \/>\n<meta property=\"og:image\" content=\"https:\/\/skeliade.fr\/wp-content\/uploads\/2022\/03\/iStock-pouvoir-achat.jpg\" \/>\n\t<meta property=\"og:image:width\" content=\"1257\" \/>\n\t<meta property=\"og:image:height\" content=\"835\" \/>\n\t<meta property=\"og:image:type\" content=\"image\/jpeg\" \/>\n<meta name=\"author\" content=\"Fabienne MAZEAUD\" \/>\n<meta name=\"twitter:card\" content=\"summary_large_image\" \/>\n<meta name=\"twitter:label1\" content=\"\u00c9crit par\" \/>\n\t<meta name=\"twitter:data1\" content=\"Fabienne MAZEAUD\" \/>\n\t<meta name=\"twitter:label2\" content=\"Dur\u00e9e de lecture estim\u00e9e\" \/>\n\t<meta name=\"twitter:data2\" content=\"3 minutes\" \/>\n<script type=\"application\/ld+json\" class=\"yoast-schema-graph\">{\"@context\":\"https:\/\/schema.org\",\"@graph\":[{\"@type\":\"Article\",\"@id\":\"https:\/\/skeliade.fr\/fr\/epagne-salariale-au-service-du-pouvoir-d-achat\/#article\",\"isPartOf\":{\"@id\":\"https:\/\/skeliade.fr\/fr\/epagne-salariale-au-service-du-pouvoir-d-achat\/\"},\"author\":{\"name\":\"Fabienne MAZEAUD\",\"@id\":\"\/#\/schema\/person\/55500a1a2459ada4ec58c4aad6e054cb\"},\"headline\":\"L&rsquo;\u00e9pargne salariale au service du pouvoir d&rsquo;achat\",\"datePublished\":\"2022-10-06T09:00:01+00:00\",\"dateModified\":\"2022-10-13T12:39:48+00:00\",\"mainEntityOfPage\":{\"@id\":\"https:\/\/skeliade.fr\/fr\/epagne-salariale-au-service-du-pouvoir-d-achat\/\"},\"wordCount\":517,\"publisher\":{\"@id\":\"\/#organization\"},\"image\":{\"@id\":\"https:\/\/skeliade.fr\/fr\/epagne-salariale-au-service-du-pouvoir-d-achat\/#primaryimage\"},\"thumbnailUrl\":\"https:\/\/skeliade.fr\/wp-content\/uploads\/2022\/03\/iStock-pouvoir-achat.jpg\",\"articleSection\":[\"Actualit\u00e9s\"],\"inLanguage\":\"fr-FR\"},{\"@type\":\"WebPage\",\"@id\":\"https:\/\/skeliade.fr\/fr\/epagne-salariale-au-service-du-pouvoir-d-achat\/\",\"url\":\"https:\/\/skeliade.fr\/fr\/epagne-salariale-au-service-du-pouvoir-d-achat\/\",\"name\":\"L'\u00e9pargne salariale au service du pouvoir d'achat &#8226; Sk\u00e9liade\",\"isPartOf\":{\"@id\":\"\/#website\"},\"primaryImageOfPage\":{\"@id\":\"https:\/\/skeliade.fr\/fr\/epagne-salariale-au-service-du-pouvoir-d-achat\/#primaryimage\"},\"image\":{\"@id\":\"https:\/\/skeliade.fr\/fr\/epagne-salariale-au-service-du-pouvoir-d-achat\/#primaryimage\"},\"thumbnailUrl\":\"https:\/\/skeliade.fr\/wp-content\/uploads\/2022\/03\/iStock-pouvoir-achat.jpg\",\"datePublished\":\"2022-10-06T09:00:01+00:00\",\"dateModified\":\"2022-10-13T12:39:48+00:00\",\"description\":\"La loi \\\"Pouvoir d'achat\\\" du 16 ao\u00fbt 2022 pr\u00e9voit un nouveau cas de d\u00e9blocage anticip\u00e9 de la participation et de l'int\u00e9ressement pour l'achat d'un ou plusieurs biens et services. La demande de d\u00e9blocage est plafonn\u00e9e \u00e0 10.000 euros et se fait en une seule fois sur une p\u00e9riode limit\u00e9e, savoir du 18 ao\u00fbt au 31 d\u00e9cembre 2022.\",\"breadcrumb\":{\"@id\":\"https:\/\/skeliade.fr\/fr\/epagne-salariale-au-service-du-pouvoir-d-achat\/#breadcrumb\"},\"inLanguage\":\"fr-FR\",\"potentialAction\":[{\"@type\":\"ReadAction\",\"target\":[\"https:\/\/skeliade.fr\/fr\/epagne-salariale-au-service-du-pouvoir-d-achat\/\"]}]},{\"@type\":\"ImageObject\",\"inLanguage\":\"fr-FR\",\"@id\":\"https:\/\/skeliade.fr\/fr\/epagne-salariale-au-service-du-pouvoir-d-achat\/#primaryimage\",\"url\":\"https:\/\/skeliade.fr\/wp-content\/uploads\/2022\/03\/iStock-pouvoir-achat.jpg\",\"contentUrl\":\"https:\/\/skeliade.fr\/wp-content\/uploads\/2022\/03\/iStock-pouvoir-achat.jpg\",\"width\":1257,\"height\":835,\"caption\":\"Nouveau cas de d\u00e9blocage anticip\u00e9 exceptionnel de l'int\u00e9ressement et de la participation\"},{\"@type\":\"BreadcrumbList\",\"@id\":\"https:\/\/skeliade.fr\/fr\/epagne-salariale-au-service-du-pouvoir-d-achat\/#breadcrumb\",\"itemListElement\":[{\"@type\":\"ListItem\",\"position\":1,\"name\":\"Home\",\"item\":\"https:\/\/skeliade.fr\/fr\/\"},{\"@type\":\"ListItem\",\"position\":2,\"name\":\"L&rsquo;\u00e9pargne salariale au service du pouvoir d&rsquo;achat\"}]},{\"@type\":\"WebSite\",\"@id\":\"\/#website\",\"url\":\"\/\",\"name\":\"Sk\u00e9liade\",\"description\":\"Gestion externalis\u00e9e de la paie et du personnel\",\"publisher\":{\"@id\":\"\/#organization\"},\"potentialAction\":[{\"@type\":\"SearchAction\",\"target\":{\"@type\":\"EntryPoint\",\"urlTemplate\":\"\/?s={search_term_string}\"},\"query-input\":{\"@type\":\"PropertyValueSpecification\",\"valueRequired\":true,\"valueName\":\"search_term_string\"}}],\"inLanguage\":\"fr-FR\"},{\"@type\":\"Organization\",\"@id\":\"\/#organization\",\"name\":\"Sk\u00e9liade\",\"url\":\"\/\",\"logo\":{\"@type\":\"ImageObject\",\"inLanguage\":\"fr-FR\",\"@id\":\"\/#\/schema\/logo\/image\/\",\"url\":\"https:\/\/skeliade.fr\/wp-content\/uploads\/2021\/03\/SKELIADE_Logo.png\",\"contentUrl\":\"https:\/\/skeliade.fr\/wp-content\/uploads\/2021\/03\/SKELIADE_Logo.png\",\"width\":500,\"height\":156,\"caption\":\"Sk\u00e9liade\"},\"image\":{\"@id\":\"\/#\/schema\/logo\/image\/\"},\"sameAs\":[\"https:\/\/fr.linkedin.com\/company\/skeliade\"]},{\"@type\":\"Person\",\"@id\":\"\/#\/schema\/person\/55500a1a2459ada4ec58c4aad6e054cb\",\"name\":\"Fabienne MAZEAUD\"}]}<\/script>\n<!-- \/ Yoast SEO Premium plugin. -->","yoast_head_json":{"title":"L'\u00e9pargne salariale au service du pouvoir d'achat &#8226; Sk\u00e9liade","description":"La loi \"Pouvoir d'achat\" du 16 ao\u00fbt 2022 pr\u00e9voit un nouveau cas de d\u00e9blocage anticip\u00e9 de la participation et de l'int\u00e9ressement pour l'achat d'un ou plusieurs biens et services. La demande de d\u00e9blocage est plafonn\u00e9e \u00e0 10.000 euros et se fait en une seule fois sur une p\u00e9riode limit\u00e9e, savoir du 18 ao\u00fbt au 31 d\u00e9cembre 2022.","robots":{"index":"index","follow":"follow","max-snippet":"max-snippet:-1","max-image-preview":"max-image-preview:large","max-video-preview":"max-video-preview:-1"},"canonical":"https:\/\/skeliade.fr\/fr\/epagne-salariale-au-service-du-pouvoir-d-achat\/","og_locale":"fr_FR","og_type":"article","og_title":"L'\u00e9pargne salariale au service du pouvoir d'achat","og_description":"La loi \"Pouvoir d'achat\" du 16 ao\u00fbt 2022 pr\u00e9voit un nouveau cas de d\u00e9blocage anticip\u00e9 de la participation et de l'int\u00e9ressement pour l'achat d'un ou plusieurs biens et services. La demande de d\u00e9blocage est plafonn\u00e9e \u00e0 10.000 euros et se fait en une seule fois sur une p\u00e9riode limit\u00e9e, savoir du 18 ao\u00fbt au 31 d\u00e9cembre 2022.","og_url":"https:\/\/skeliade.fr\/fr\/epagne-salariale-au-service-du-pouvoir-d-achat\/","og_site_name":"Sk\u00e9liade","article_published_time":"2022-10-06T09:00:01+00:00","article_modified_time":"2022-10-13T12:39:48+00:00","og_image":[{"width":1257,"height":835,"url":"https:\/\/skeliade.fr\/wp-content\/uploads\/2022\/03\/iStock-pouvoir-achat.jpg","type":"image\/jpeg"}],"author":"Fabienne MAZEAUD","twitter_card":"summary_large_image","twitter_misc":{"\u00c9crit par":"Fabienne MAZEAUD","Dur\u00e9e de lecture estim\u00e9e":"3 minutes"},"schema":{"@context":"https:\/\/schema.org","@graph":[{"@type":"Article","@id":"https:\/\/skeliade.fr\/fr\/epagne-salariale-au-service-du-pouvoir-d-achat\/#article","isPartOf":{"@id":"https:\/\/skeliade.fr\/fr\/epagne-salariale-au-service-du-pouvoir-d-achat\/"},"author":{"name":"Fabienne MAZEAUD","@id":"\/#\/schema\/person\/55500a1a2459ada4ec58c4aad6e054cb"},"headline":"L&rsquo;\u00e9pargne salariale au service du pouvoir d&rsquo;achat","datePublished":"2022-10-06T09:00:01+00:00","dateModified":"2022-10-13T12:39:48+00:00","mainEntityOfPage":{"@id":"https:\/\/skeliade.fr\/fr\/epagne-salariale-au-service-du-pouvoir-d-achat\/"},"wordCount":517,"publisher":{"@id":"\/#organization"},"image":{"@id":"https:\/\/skeliade.fr\/fr\/epagne-salariale-au-service-du-pouvoir-d-achat\/#primaryimage"},"thumbnailUrl":"https:\/\/skeliade.fr\/wp-content\/uploads\/2022\/03\/iStock-pouvoir-achat.jpg","articleSection":["Actualit\u00e9s"],"inLanguage":"fr-FR"},{"@type":"WebPage","@id":"https:\/\/skeliade.fr\/fr\/epagne-salariale-au-service-du-pouvoir-d-achat\/","url":"https:\/\/skeliade.fr\/fr\/epagne-salariale-au-service-du-pouvoir-d-achat\/","name":"L'\u00e9pargne salariale au service du pouvoir d'achat &#8226; Sk\u00e9liade","isPartOf":{"@id":"\/#website"},"primaryImageOfPage":{"@id":"https:\/\/skeliade.fr\/fr\/epagne-salariale-au-service-du-pouvoir-d-achat\/#primaryimage"},"image":{"@id":"https:\/\/skeliade.fr\/fr\/epagne-salariale-au-service-du-pouvoir-d-achat\/#primaryimage"},"thumbnailUrl":"https:\/\/skeliade.fr\/wp-content\/uploads\/2022\/03\/iStock-pouvoir-achat.jpg","datePublished":"2022-10-06T09:00:01+00:00","dateModified":"2022-10-13T12:39:48+00:00","description":"La loi \"Pouvoir d'achat\" du 16 ao\u00fbt 2022 pr\u00e9voit un nouveau cas de d\u00e9blocage anticip\u00e9 de la participation et de l'int\u00e9ressement pour l'achat d'un ou plusieurs biens et services. La demande de d\u00e9blocage est plafonn\u00e9e \u00e0 10.000 euros et se fait en une seule fois sur une p\u00e9riode limit\u00e9e, savoir du 18 ao\u00fbt au 31 d\u00e9cembre 2022.","breadcrumb":{"@id":"https:\/\/skeliade.fr\/fr\/epagne-salariale-au-service-du-pouvoir-d-achat\/#breadcrumb"},"inLanguage":"fr-FR","potentialAction":[{"@type":"ReadAction","target":["https:\/\/skeliade.fr\/fr\/epagne-salariale-au-service-du-pouvoir-d-achat\/"]}]},{"@type":"ImageObject","inLanguage":"fr-FR","@id":"https:\/\/skeliade.fr\/fr\/epagne-salariale-au-service-du-pouvoir-d-achat\/#primaryimage","url":"https:\/\/skeliade.fr\/wp-content\/uploads\/2022\/03\/iStock-pouvoir-achat.jpg","contentUrl":"https:\/\/skeliade.fr\/wp-content\/uploads\/2022\/03\/iStock-pouvoir-achat.jpg","width":1257,"height":835,"caption":"Nouveau cas de d\u00e9blocage anticip\u00e9 exceptionnel de l'int\u00e9ressement et de la participation"},{"@type":"BreadcrumbList","@id":"https:\/\/skeliade.fr\/fr\/epagne-salariale-au-service-du-pouvoir-d-achat\/#breadcrumb","itemListElement":[{"@type":"ListItem","position":1,"name":"Home","item":"https:\/\/skeliade.fr\/fr\/"},{"@type":"ListItem","position":2,"name":"L&rsquo;\u00e9pargne salariale au service du pouvoir d&rsquo;achat"}]},{"@type":"WebSite","@id":"\/#website","url":"\/","name":"Sk\u00e9liade","description":"Gestion externalis\u00e9e de la paie et du personnel","publisher":{"@id":"\/#organization"},"potentialAction":[{"@type":"SearchAction","target":{"@type":"EntryPoint","urlTemplate":"\/?s={search_term_string}"},"query-input":{"@type":"PropertyValueSpecification","valueRequired":true,"valueName":"search_term_string"}}],"inLanguage":"fr-FR"},{"@type":"Organization","@id":"\/#organization","name":"Sk\u00e9liade","url":"\/","logo":{"@type":"ImageObject","inLanguage":"fr-FR","@id":"\/#\/schema\/logo\/image\/","url":"https:\/\/skeliade.fr\/wp-content\/uploads\/2021\/03\/SKELIADE_Logo.png","contentUrl":"https:\/\/skeliade.fr\/wp-content\/uploads\/2021\/03\/SKELIADE_Logo.png","width":500,"height":156,"caption":"Sk\u00e9liade"},"image":{"@id":"\/#\/schema\/logo\/image\/"},"sameAs":["https:\/\/fr.linkedin.com\/company\/skeliade"]},{"@type":"Person","@id":"\/#\/schema\/person\/55500a1a2459ada4ec58c4aad6e054cb","name":"Fabienne MAZEAUD"}]}},"_links":{"self":[{"href":"https:\/\/skeliade.fr\/fr\/wp-json\/wp\/v2\/posts\/4084"}],"collection":[{"href":"https:\/\/skeliade.fr\/fr\/wp-json\/wp\/v2\/posts"}],"about":[{"href":"https:\/\/skeliade.fr\/fr\/wp-json\/wp\/v2\/types\/post"}],"author":[{"embeddable":true,"href":"https:\/\/skeliade.fr\/fr\/wp-json\/wp\/v2\/users\/2"}],"replies":[{"embeddable":true,"href":"https:\/\/skeliade.fr\/fr\/wp-json\/wp\/v2\/comments?post=4084"}],"version-history":[{"count":46,"href":"https:\/\/skeliade.fr\/fr\/wp-json\/wp\/v2\/posts\/4084\/revisions"}],"predecessor-version":[{"id":4209,"href":"https:\/\/skeliade.fr\/fr\/wp-json\/wp\/v2\/posts\/4084\/revisions\/4209"}],"wp:featuredmedia":[{"embeddable":true,"href":"https:\/\/skeliade.fr\/fr\/wp-json\/wp\/v2\/media\/4067"}],"wp:attachment":[{"href":"https:\/\/skeliade.fr\/fr\/wp-json\/wp\/v2\/media?parent=4084"}],"wp:term":[{"taxonomy":"category","embeddable":true,"href":"https:\/\/skeliade.fr\/fr\/wp-json\/wp\/v2\/categories?post=4084"},{"taxonomy":"post_tag","embeddable":true,"href":"https:\/\/skeliade.fr\/fr\/wp-json\/wp\/v2\/tags?post=4084"}],"curies":[{"name":"wp","href":"https:\/\/api.w.org\/{rel}","templated":true}]}}