{"id":3947,"date":"2022-10-04T13:00:46","date_gmt":"2022-10-04T11:00:46","guid":{"rendered":"https:\/\/skeliade.fr\/taxe-dapprentissage-et-formation-professionnelle-ce-qui-change-en-2022-2\/"},"modified":"2022-10-05T18:47:37","modified_gmt":"2022-10-05T16:47:37","slug":"prime-de-partage-de-valeur-pour-qui-comment-quelles-exonerations","status":"publish","type":"post","link":"https:\/\/skeliade.fr\/fr\/prime-de-partage-de-valeur-pour-qui-comment-quelles-exonerations\/","title":{"rendered":"Prime de Partage de Valeur : pour qui ? comment ? quelles exon\u00e9rations ?"},"content":{"rendered":"\t\t<div data-elementor-type=\"wp-post\" data-elementor-id=\"3947\" class=\"elementor elementor-3947\">\n\t\t\t\t\t\t<section class=\"elementor-section elementor-top-section elementor-element elementor-element-7b4474b7 elementor-section-boxed elementor-section-height-default elementor-section-height-default parallax_section_no qode_elementor_container_no\" data-id=\"7b4474b7\" data-element_type=\"section\">\n\t\t\t\t\t\t<div class=\"elementor-container elementor-column-gap-default\">\n\t\t\t\t\t<div class=\"elementor-column elementor-col-50 elementor-top-column elementor-element elementor-element-706b1f5\" data-id=\"706b1f5\" data-element_type=\"column\">\n\t\t\t<div class=\"elementor-widget-wrap elementor-element-populated\">\n\t\t\t\t\t\t<div class=\"elementor-element elementor-element-c34f3e2 elementor-absolute elementor-widget elementor-widget-image\" data-id=\"c34f3e2\" data-element_type=\"widget\" data-settings=\"{&quot;_position&quot;:&quot;absolute&quot;}\" data-widget_type=\"image.default\">\n\t\t\t\t<div class=\"elementor-widget-container\">\n\t\t\t\t\t\t\t\t\t\t\t\t\t\t\t<img fetchpriority=\"high\" decoding=\"async\" width=\"1257\" height=\"835\" src=\"https:\/\/skeliade.fr\/wp-content\/uploads\/2022\/03\/iStock-pouvoir-achat.jpg\" class=\"attachment-full size-full wp-image-4067\" alt=\"Mesures de soutien au pouvoir d&#039;achat\" srcset=\"https:\/\/skeliade.fr\/wp-content\/uploads\/2022\/03\/iStock-pouvoir-achat.jpg 1257w, https:\/\/skeliade.fr\/wp-content\/uploads\/2022\/03\/iStock-pouvoir-achat-300x199.jpg 300w, https:\/\/skeliade.fr\/wp-content\/uploads\/2022\/03\/iStock-pouvoir-achat-1024x680.jpg 1024w, https:\/\/skeliade.fr\/wp-content\/uploads\/2022\/03\/iStock-pouvoir-achat-768x510.jpg 768w, https:\/\/skeliade.fr\/wp-content\/uploads\/2022\/03\/iStock-pouvoir-achat-700x465.jpg 700w\" sizes=\"(max-width: 1257px) 100vw, 1257px\" \/>\t\t\t\t\t\t\t\t\t\t\t\t\t\t\t<\/div>\n\t\t\t\t<\/div>\n\t\t\t\t\t<\/div>\n\t\t<\/div>\n\t\t\t\t<div class=\"elementor-column elementor-col-50 elementor-top-column elementor-element elementor-element-154018a1\" data-id=\"154018a1\" data-element_type=\"column\">\n\t\t\t<div class=\"elementor-widget-wrap elementor-element-populated\">\n\t\t\t\t\t\t<div class=\"elementor-element elementor-element-12ca747d elementor-widget elementor-widget-text-editor\" data-id=\"12ca747d\" data-element_type=\"widget\" data-widget_type=\"text-editor.default\">\n\t\t\t\t<div class=\"elementor-widget-container\">\n\t\t\t\t\t\t\t\t\t<p>Depuis 2019, les salari\u00e9s peuvent b\u00e9n\u00e9ficier d&rsquo;une prime exceptionnelle exon\u00e9r\u00e9e d&rsquo;imp\u00f4t et de charges sociales dite prime Macron ou Prime de Pouvoir d&rsquo;Achat (PEPA).<\/p><p>Dans le cadre de la loi Pouvoir d&rsquo;achat du 16 ao\u00fbt 2022, elle est remplac\u00e9e\u00a0 par l<strong>a Prime de Partage de Valeur<\/strong> (PPV)<\/p><p>Contrairement \u00e0 la PEPA, la PPV est un <strong>dispositif p\u00e9renne<\/strong> que les entreprises peuvent mettre en place chaque ann\u00e9e. La <strong>mise en place d&rsquo;une PPV est facultative<\/strong> et repose sur le libre choix de l&#8217;employeur.<\/p><p>Son versement d\u00e9coule d&rsquo;une <strong>d\u00e9cision de l&#8217;employeur (formalis\u00e9e via un document appel\u00e9 DUE)<\/strong> ou d<strong>&lsquo;un accord d&rsquo;entreprise<\/strong>.<\/p>\t\t\t\t\t\t\t\t<\/div>\n\t\t\t\t<\/div>\n\t\t\t\t\t<\/div>\n\t\t<\/div>\n\t\t\t\t\t<\/div>\n\t\t<\/section>\n\t\t\t\t<section class=\"elementor-section elementor-top-section elementor-element elementor-element-5362d96 elementor-section-boxed elementor-section-height-default elementor-section-height-default parallax_section_no qode_elementor_container_no\" data-id=\"5362d96\" data-element_type=\"section\">\n\t\t\t\t\t\t<div class=\"elementor-container elementor-column-gap-default\">\n\t\t\t\t\t<div class=\"elementor-column elementor-col-100 elementor-top-column elementor-element elementor-element-37e8ffc\" data-id=\"37e8ffc\" data-element_type=\"column\">\n\t\t\t<div class=\"elementor-widget-wrap elementor-element-populated\">\n\t\t\t\t\t\t<div class=\"elementor-element elementor-element-c4b50cd elementor-widget elementor-widget-text-editor\" data-id=\"c4b50cd\" data-element_type=\"widget\" data-widget_type=\"text-editor.default\">\n\t\t\t\t<div class=\"elementor-widget-container\">\n\t\t\t\t\t\t\t\t\t<h3><strong><span style=\"color: #dd7200;\"><span style=\"color: #dc7200;\">Modalit\u00e9s de mise en place<\/span><\/span><\/strong><\/h3><p><span style=\"color: #dc7215;\"><strong>Accord n\u00e9goci\u00e9 selon les m\u00eames modalit\u00e9s qu&rsquo;un accord d&rsquo;int\u00e9ressement<\/strong><\/span><\/p><ul><li style=\"list-style-type: none;\"><ul><li style=\"list-style-type: none;\"><ul><li>Accord collectif de droit commun conclu avec un d\u00e9l\u00e9gu\u00e9 syndical<\/li><li>Accord conclu avec le CSE<\/li><li>Ratification d&rsquo;un projet d&rsquo;accord par le personnel<\/li><li>D\u00e9p\u00f4t de l&rsquo;accord aupr\u00e8s de la DDETS<\/li><\/ul><\/li><\/ul><\/li><\/ul><p>\u00a0<\/p><p><span style=\"color: #dc7215;\"><strong>D\u00e9cision Unilat\u00e9rale de l&rsquo;Employeur<\/strong><\/span><\/p><ul><li style=\"list-style-type: none;\"><ul><li style=\"list-style-type: none;\"><ul><li>Consultation pr\u00e9alable du CSE lorsqu&rsquo;il existe<\/li><li>Communication aux salari\u00e9s par tout moyen conf\u00e9rant date certaine<\/li><\/ul><\/li><\/ul><\/li><\/ul><p>\u00a0<\/p><p style=\"padding-left: 40px;\"><span style=\"color: #999999;\"><em>Cf mod\u00e8le disponible dans la rubrique d\u00e9di\u00e9e<\/em><\/span><\/p>\t\t\t\t\t\t\t\t<\/div>\n\t\t\t\t<\/div>\n\t\t\t\t\t<\/div>\n\t\t<\/div>\n\t\t\t\t\t<\/div>\n\t\t<\/section>\n\t\t\t\t<section class=\"elementor-section elementor-top-section elementor-element elementor-element-869e64f elementor-section-boxed elementor-section-height-default elementor-section-height-default parallax_section_no qode_elementor_container_no\" data-id=\"869e64f\" data-element_type=\"section\">\n\t\t\t\t\t\t<div class=\"elementor-container elementor-column-gap-default\">\n\t\t\t\t\t<div class=\"elementor-column elementor-col-100 elementor-top-column elementor-element elementor-element-c40715d\" data-id=\"c40715d\" data-element_type=\"column\">\n\t\t\t<div class=\"elementor-widget-wrap elementor-element-populated\">\n\t\t\t\t\t\t<div class=\"elementor-element elementor-element-017386e elementor-widget elementor-widget-spacer\" data-id=\"017386e\" data-element_type=\"widget\" data-widget_type=\"spacer.default\">\n\t\t\t\t<div class=\"elementor-widget-container\">\n\t\t\t\t\t\t\t<div class=\"elementor-spacer\">\n\t\t\t<div class=\"elementor-spacer-inner\"><\/div>\n\t\t<\/div>\n\t\t\t\t\t\t<\/div>\n\t\t\t\t<\/div>\n\t\t\t\t\t<\/div>\n\t\t<\/div>\n\t\t\t\t\t<\/div>\n\t\t<\/section>\n\t\t\t\t<section class=\"elementor-section elementor-top-section elementor-element elementor-element-a1be538 elementor-section-boxed elementor-section-height-default elementor-section-height-default parallax_section_no qode_elementor_container_no\" data-id=\"a1be538\" data-element_type=\"section\">\n\t\t\t\t\t\t<div class=\"elementor-container elementor-column-gap-default\">\n\t\t\t\t\t<div class=\"elementor-column elementor-col-100 elementor-top-column elementor-element elementor-element-1d16075\" data-id=\"1d16075\" data-element_type=\"column\">\n\t\t\t<div class=\"elementor-widget-wrap elementor-element-populated\">\n\t\t\t\t\t\t<div class=\"elementor-element elementor-element-d5367ce elementor-widget elementor-widget-text-editor\" data-id=\"d5367ce\" data-element_type=\"widget\" data-widget_type=\"text-editor.default\">\n\t\t\t\t<div class=\"elementor-widget-container\">\n\t\t\t\t\t\t\t\t\t<h3><strong><span style=\"color: #dd7200;\"><span style=\"color: #dc7200;\">Salari\u00e9s concern\u00e9s<\/span><\/span><\/strong><\/h3><p>La PPV peut \u00eatre vers\u00e9e \u00e0 l&rsquo;<strong>ensemble des salari\u00e9s de l&rsquo;entreprise<\/strong> ou seulement \u00e0 ceux qui ne d\u00e9passent pas un certain plafond de r\u00e9mun\u00e9ration.<\/p><p>Elle b\u00e9n\u00e9ficie <strong>aux salari\u00e9s li\u00e9s \u00e0 l&rsquo;entreprise par un contrat de travail<\/strong> ainsi qu&rsquo;<strong>aux int\u00e9rimaires<\/strong> mis \u00e0 disposition de l&rsquo;entreprise utilisatrice.<\/p><p>Ces conditions doivent \u00eatre remplies soit <strong>\u00e0 la date de versement de la prime<\/strong>, soit <strong>\u00e0 la date de d\u00e9p\u00f4t de l&rsquo;accord<\/strong>, soit <strong>\u00e0 la date de signature de la DUE<\/strong>.<\/p><p>Pour les int\u00e9rimaires, c&rsquo;est l&rsquo;entreprise de travail temporaire qui verse cette prime, selon les conditions et modalit\u00e9s fix\u00e9es par l&rsquo;accord ou la DUE de l&rsquo;entreprise utilisatrice. L&rsquo;entreprise utilisatrice doit donc informer sans d\u00e9lai l&rsquo;entreprise de travail temporaire dont rel\u00e8ve\u00a0 le salari\u00e9 mis \u00e0 disposition lorsqu&rsquo;elle verse la PPV.<\/p><p><span style=\"background-color: #dc7200; color: #fff;\"><strong>Important <\/strong><\/span><\/p><p>Seule la r\u00e9mun\u00e9ration peut constituer un crit\u00e8re d&rsquo;exclusion de la prime. Il n&rsquo;est pas possible d&rsquo;exclure des salari\u00e9 sur d&rsquo;autres crit\u00e8res (CDI, anciennet\u00e9 minimale requise).<\/p><p>S&rsquo;il est possible d&rsquo;exclure les salari\u00e9s dont la r\u00e9mun\u00e9ration est sup\u00e9rieure \u00e0 un certain seuil, il n&rsquo;est inversement pas possible de r\u00e9server la PPV aux salari\u00e9s dont la r\u00e9mun\u00e9ration est sup\u00e9rieure \u00e0 ce seuil.<\/p>\t\t\t\t\t\t\t\t<\/div>\n\t\t\t\t<\/div>\n\t\t\t\t\t<\/div>\n\t\t<\/div>\n\t\t\t\t\t<\/div>\n\t\t<\/section>\n\t\t\t\t<section class=\"elementor-section elementor-top-section elementor-element elementor-element-b21ec69 elementor-section-boxed elementor-section-height-default elementor-section-height-default parallax_section_no qode_elementor_container_no\" data-id=\"b21ec69\" data-element_type=\"section\">\n\t\t\t\t\t\t<div class=\"elementor-container elementor-column-gap-default\">\n\t\t\t\t\t<div class=\"elementor-column elementor-col-100 elementor-top-column elementor-element elementor-element-893b887\" data-id=\"893b887\" data-element_type=\"column\">\n\t\t\t<div class=\"elementor-widget-wrap elementor-element-populated\">\n\t\t\t\t\t\t<div class=\"elementor-element elementor-element-71225c4 elementor-widget elementor-widget-text-editor\" data-id=\"71225c4\" data-element_type=\"widget\" data-widget_type=\"text-editor.default\">\n\t\t\t\t<div class=\"elementor-widget-container\">\n\t\t\t\t\t\t\t\t\t<h3><span style=\"color: #dc7200;\"><strong>Montant de la prime et conditions d&rsquo;attribution<\/strong><\/span><\/h3><p><span style=\"color: #333333;\">Le montant de la prime ainsi que les crit\u00e8res de modulation la cas \u00e9ch\u00e9ant sont fix\u00e9s par l&rsquo;accord ou par la d\u00e9cision unilat\u00e9rale.<\/span><\/p><p>Le montant attribu\u00e9 peut \u00eatre modul\u00e9 selon 5 crit\u00e8res limitativement pr\u00e9vus par la loi et combinables :<\/p><ul><li style=\"list-style-type: none;\"><ul><li style=\"list-style-type: none;\"><ul><li>la r\u00e9mun\u00e9ration<\/li><li>la classification<\/li><li>l&rsquo;anciennet\u00e9 dans l&rsquo;entreprise<\/li><li>la dur\u00e9e contractuelle de travail<\/li><li>la dur\u00e9e de pr\u00e9sence effective sur l&rsquo;ann\u00e9e \u00e9coul\u00e9e.<\/li><\/ul><\/li><\/ul><\/li><\/ul><p>\u00a0<\/p><p><span style=\"color: #333333;\"><strong>Les cong\u00e9s suivants sont assimil\u00e9s \u00e0 du travail effectif : <\/strong>cong\u00e9s maternit\u00e9, paternit\u00e9, adoption, cong\u00e9 parental d&rsquo;\u00e9ducation, cong\u00e9 pour enfant malade, cong\u00e9 de pr\u00e9sence parental, dons de jours de repos au titre d&rsquo;un enfant d\u00e9c\u00e9d\u00e9 ou gravement malade.<\/span><\/p><p><span style=\"background-color: #dc7200; color: #fff;\"><strong>Bon \u00e0 savoir <\/strong><\/span><\/p><p>Les crit\u00e8res ci-dessus sont des crit\u00e8res de modulation et non d&rsquo;exclusion.<\/p><p>La prime ne peut se substituer\u00a0 \u00e0 un \u00e9l\u00e9ment de r\u00e9mun\u00e9ration, prime ou augmentation pr\u00e9vus par des r\u00e8gles l\u00e9gales, un accord salarial, des dispositions contractuelles ou un usage.<\/p><p><span style=\"background-color: #dc7200; color: #fff;\"><strong>En attente de pr\u00e9cision\u00a0<\/strong><\/span><\/p><p>Possibilit\u00e9 de moduler la prime selon les \u00e9tablissement<\/p><p>P\u00e9riode\/date d&rsquo;appr\u00e9ciation des crit\u00e8res de modulation\u00a0<\/p>\t\t\t\t\t\t\t\t<\/div>\n\t\t\t\t<\/div>\n\t\t\t\t\t<\/div>\n\t\t<\/div>\n\t\t\t\t\t<\/div>\n\t\t<\/section>\n\t\t\t\t<section class=\"elementor-section elementor-top-section elementor-element elementor-element-f5a8793 elementor-section-boxed elementor-section-height-default elementor-section-height-default parallax_section_no qode_elementor_container_no\" data-id=\"f5a8793\" data-element_type=\"section\">\n\t\t\t\t\t\t<div class=\"elementor-container elementor-column-gap-default\">\n\t\t\t\t\t<div class=\"elementor-column elementor-col-100 elementor-top-column elementor-element elementor-element-3fa3b15\" data-id=\"3fa3b15\" data-element_type=\"column\">\n\t\t\t<div class=\"elementor-widget-wrap elementor-element-populated\">\n\t\t\t\t\t\t<div class=\"elementor-element elementor-element-2a37087 elementor-widget elementor-widget-text-editor\" data-id=\"2a37087\" data-element_type=\"widget\" data-widget_type=\"text-editor.default\">\n\t\t\t\t<div class=\"elementor-widget-container\">\n\t\t\t\t\t\t\t\t\t<h3><span style=\"color: #dc7200;\"><strong>Versement de la prime<\/strong><\/span><\/h3><p><span style=\"color: #333333;\">Les modalit\u00e9s de versement de la prime sont pr\u00e9cis\u00e9es dans l&rsquo;accord ou la DUE<\/span><\/p><p>Les employeurs sont autoris\u00e9s \u00e0 verser la PPV (et donc \u00e0 b\u00e9n\u00e9ficier des exon\u00e9rations qui y sont attach\u00e9es) d\u00e8s le <strong>1er juillet 2022.<\/strong><\/p><p>La PPV <strong>peut \u00eatre vers\u00e9e en une ou plusieurs fois au cours de l&rsquo;ann\u00e9e civile dans la limite d&rsquo;une fois par trimestre<\/strong> (pas de versement mensuel).<\/p>\t\t\t\t\t\t\t\t<\/div>\n\t\t\t\t<\/div>\n\t\t\t\t\t<\/div>\n\t\t<\/div>\n\t\t\t\t\t<\/div>\n\t\t<\/section>\n\t\t\t\t<section class=\"elementor-section elementor-top-section elementor-element elementor-element-9638ec9 elementor-section-boxed elementor-section-height-default elementor-section-height-default parallax_section_no qode_elementor_container_no\" data-id=\"9638ec9\" data-element_type=\"section\">\n\t\t\t\t\t\t<div class=\"elementor-container elementor-column-gap-default\">\n\t\t\t\t\t<div class=\"elementor-column elementor-col-100 elementor-top-column elementor-element elementor-element-36bb40b\" data-id=\"36bb40b\" data-element_type=\"column\">\n\t\t\t<div class=\"elementor-widget-wrap elementor-element-populated\">\n\t\t\t\t\t\t<div class=\"elementor-element elementor-element-a117680 elementor-widget elementor-widget-text-editor\" data-id=\"a117680\" data-element_type=\"widget\" data-widget_type=\"text-editor.default\">\n\t\t\t\t<div class=\"elementor-widget-container\">\n\t\t\t\t\t\t\t\t\t<h3><strong><span style=\"color: #dc7200;\">Exon\u00e9rations sociales et fiscales<\/span><\/strong><\/h3><ul><li style=\"list-style-type: none;\">\u00a0<\/li><\/ul><p><span style=\"color: #dc7215;\"><strong>Le r\u00e9gime de droit commun applicable \u00e0 compter de 2024<\/strong><\/span><\/p><ul><li style=\"list-style-type: none;\"><ul><li style=\"list-style-type: none;\"><ul><li><strong>Exon\u00e9ration de toutes les cotisations sociales l\u00e9gales et conventionnelles, de la contribution formation, de la taxe d&rsquo;apprentissage et de la participation construction<\/strong> dans la limite de <strong>3.000 E <\/strong>(voire 6.000E dans certains cas) <strong>par an et par b\u00e9n\u00e9ficiaire<\/strong><\/li><li>Assujettissement \u00e0 la <strong>CSG\/RDS<\/strong><\/li><li><strong>Forfait social<\/strong> applicable sur la fraction exon\u00e9r\u00e9e de cotisations pour les <strong>employeurs de 250 salari\u00e9s et plus<\/strong><\/li><li><strong>Prime imposable<\/strong> : pas d&rsquo;exon\u00e9ration d&rsquo;imp\u00f4t sur le revenu<\/li><\/ul><\/li><\/ul><\/li><\/ul><p>\u00a0<\/p><p><span style=\"color: #dc7215;\"><strong>Le r\u00e9gime d&rsquo;exception applicable jusqu&rsquo;au 31 d\u00e9cembre 2023\u00a0<\/strong><\/span><\/p><p>Le r\u00e9gime d&rsquo;exon\u00e9ration \u00ab\u00a0renforc\u00e9e\u00a0\u00bb applicable \u00e0 la PEPA est maintenu pour la PPV vers\u00e9e aux salari\u00e9s <strong>ayant per\u00e7u une r\u00e9mun\u00e9ration &lt; \u00e0 3 fois le SMIC annuel sur les 12 mois pr\u00e9c\u00e9dant le versement de la prime <\/strong>(SMIC annuel calcul\u00e9 en fonction de la dur\u00e9e du travail pr\u00e9vue au contrat si temps partiel ou pour les salari\u00e9s qui ne sont pas employ\u00e9s toute l&rsquo;ann\u00e9e).<\/p><p>Durant cette p\u00e9riode et sous la condition ci-dessus, la PPV est exon\u00e9r\u00e9e de cotisations, de CSG\/RDS, de forfait social et d&rsquo;imp\u00f4t sur le revenu.<\/p><p>La PPV vers\u00e9e le cas \u00e9ch\u00e9ant aux salari\u00e9s dont la r\u00e9mun\u00e9ration est &gt; \u00e0 3 SMIC annuels b\u00e9n\u00e9ficie du r\u00e9gime de droit commun.<\/p><p><span style=\"color: #dc7215;\"><strong>Cas dans lesquels le montant exon\u00e9r\u00e9 de la prime est de 6.000 euros<\/strong><\/span><\/p><ul><li style=\"list-style-type: none;\"><ul><li style=\"list-style-type: none;\"><ul><li>Entreprises dot\u00e9es d&rsquo;un accord d&rsquo;int\u00e9ressement \u00e0 la date de versement de la prime ou ayant conclu un accord d&rsquo;int\u00e9ressement au titre du m\u00eame exercice que celui de versement de la prime, quel que soit leur effectif<\/li><li>\u00a0Entreprises de moins de 50 salari\u00e9s appliquant \u00e0 titre volontaire un dispositif de participation \u00e0 la date de versement de la prime ou en ayant conclu un au titre du m\u00eame exercice que celui du versement de la prime<\/li><li>Associations\u00a0 et fondations reconnues d&rsquo;utilit\u00e9 publiques ou d&rsquo;int\u00e9r\u00eat g\u00e9n\u00e9ral<\/li><li>Travailleurs handicap\u00e9s sous contrat de soutien et d&rsquo;aide par le travail dans les ESAT<\/li><\/ul><\/li><\/ul><\/li><\/ul><p>\u00a0<\/p><p><span style=\"background-color: #dc7200; color: #fff;\"><strong>Bon \u00e0 savoir\u00a0<\/strong><\/span> En cas de cumul avec la prime PEPA vers\u00e9e entre le 1er janvier et le 31 mars 2022, le montant total exon\u00e9r\u00e9 d&rsquo;imp\u00f4t au titre de 2022 ne peut exc\u00e9der 6.000 euros.<\/p>\t\t\t\t\t\t\t\t<\/div>\n\t\t\t\t<\/div>\n\t\t\t\t\t<\/div>\n\t\t<\/div>\n\t\t\t\t\t<\/div>\n\t\t<\/section>\n\t\t\t\t<section class=\"elementor-section elementor-top-section elementor-element elementor-element-706d162 elementor-section-boxed elementor-section-height-default elementor-section-height-default parallax_section_no qode_elementor_container_no\" data-id=\"706d162\" data-element_type=\"section\">\n\t\t\t\t\t\t<div class=\"elementor-container elementor-column-gap-default\">\n\t\t\t\t\t<div class=\"elementor-column elementor-col-100 elementor-top-column elementor-element elementor-element-59633f9\" data-id=\"59633f9\" data-element_type=\"column\">\n\t\t\t<div class=\"elementor-widget-wrap elementor-element-populated\">\n\t\t\t\t\t\t<div class=\"elementor-element elementor-element-145f6e7 elementor-widget elementor-widget-text-editor\" data-id=\"145f6e7\" data-element_type=\"widget\" data-widget_type=\"text-editor.default\">\n\t\t\t\t<div class=\"elementor-widget-container\">\n\t\t\t\t\t\t\t\t\t<h3><strong><span style=\"color: #dc7200;\">Traitement DSN<\/span><\/strong><\/h3><p>Le code type de personnel (CTP) \u00e0 utiliser pour la d\u00e9claration de la prime est le CTP 510 (CTP \u00e0 0% sans incidence sur le montant des cotisations dues par l&#8217;employeur).\u00a0Le CTP 260 et le CTP 012 sont \u00e0 utiliser respectivement pour la CSG et le forfait social 20%.<\/p><p>Le montant d\u00e9passant le seuil d&rsquo;exon\u00e9ration doit \u00eatre d\u00e9clar\u00e9 dans les conditions habituelles avec les CTP courants (CTP 100 &#8230;).<\/p><p>Au niveau nominatif, la prime est \u00e0 d\u00e9clarer au niveau du bloc \u00ab\u00a0prime, gratification et indemnit\u00e9 &#8211; S21.G00.52\u00a0\u00bb en utilisant le type \u00ab\u00a0904 &#8211; potentiel nouveau type de prime B\u00a0\u00bb.<\/p>\t\t\t\t\t\t\t\t<\/div>\n\t\t\t\t<\/div>\n\t\t\t\t\t<\/div>\n\t\t<\/div>\n\t\t\t\t\t<\/div>\n\t\t<\/section>\n\t\t\t\t<\/div>\n\t\t","protected":false},"excerpt":{"rendered":"<p>Adieu \u00e0 la Prime exceptionnelle de Pouvoir d&rsquo;Achat ; place \u00e0 le Prime de Partage de la Valeur (PPV).<br \/>\nLa loi \u00ab\u00a0Pouvoir d&rsquo;achat\u00a0\u00bb du 16 ao\u00fbt 2022 donne la possibilit\u00e9 aux employeurs de verser chaque ann\u00e9e \u00e0 leur salari\u00e9s, une prime b\u00e9n\u00e9ficiant d&rsquo;un r\u00e9gime social de faveur. Une exon\u00e9ration sociale et fiscale renforc\u00e9e est pr\u00e9vue jusqu&rsquo;au 31 d\u00e9cembre 2023, pour les salari\u00e9s pay\u00e9s moins de 3 SMIC.<\/p>\n","protected":false},"author":2,"featured_media":4067,"comment_status":"closed","ping_status":"closed","sticky":false,"template":"","format":"standard","meta":{"footnotes":""},"categories":[5],"tags":[],"yoast_head":"<!-- This site is optimized with the Yoast SEO Premium plugin v23.5 (Yoast SEO v23.5) - https:\/\/yoast.com\/wordpress\/plugins\/seo\/ -->\n<title>Prime de Partage de Valeur : pour qui ? comment ? quelles exon\u00e9rations ? &#8226; Sk\u00e9liade<\/title>\n<meta name=\"description\" content=\"Adieu \u00e0 la Prime exceptionnelle de Pouvoir d&#039;Achat ; place \u00e0 le Prime de Partage de la Valeur (PPV). La loi &quot;Pouvoir d&#039;achat&quot; du 16 ao\u00fbt 2022 donne la possibilit\u00e9 aux employeurs de verser chaque ann\u00e9e \u00e0 leur salari\u00e9s, une prime b\u00e9n\u00e9ficiant d&#039;un r\u00e9gime social de faveur. Une exon\u00e9ration sociale et fiscale renforc\u00e9e est pr\u00e9vue jusqu&#039;au 31 d\u00e9cembre 2023, pour les salari\u00e9s pay\u00e9s moins de 3 SMIC.\" \/>\n<meta name=\"robots\" content=\"index, follow, max-snippet:-1, max-image-preview:large, max-video-preview:-1\" \/>\n<link rel=\"canonical\" href=\"https:\/\/skeliade.fr\/fr\/prime-de-partage-de-valeur-pour-qui-comment-quelles-exonerations\/\" \/>\n<meta property=\"og:locale\" content=\"fr_FR\" \/>\n<meta property=\"og:type\" content=\"article\" \/>\n<meta property=\"og:title\" content=\"Prime de Partage de Valeur : pour qui ? comment ? quelles exon\u00e9rations ?\" \/>\n<meta property=\"og:description\" content=\"Adieu \u00e0 la Prime exceptionnelle de Pouvoir d&#039;Achat ; place \u00e0 le Prime de Partage de la Valeur (PPV). La loi &quot;Pouvoir d&#039;achat&quot; du 16 ao\u00fbt 2022 donne la possibilit\u00e9 aux employeurs de verser chaque ann\u00e9e \u00e0 leur salari\u00e9s, une prime b\u00e9n\u00e9ficiant d&#039;un r\u00e9gime social de faveur. Une exon\u00e9ration sociale et fiscale renforc\u00e9e est pr\u00e9vue jusqu&#039;au 31 d\u00e9cembre 2023, pour les salari\u00e9s pay\u00e9s moins de 3 SMIC.\" \/>\n<meta property=\"og:url\" content=\"https:\/\/skeliade.fr\/fr\/prime-de-partage-de-valeur-pour-qui-comment-quelles-exonerations\/\" \/>\n<meta property=\"og:site_name\" content=\"Sk\u00e9liade\" \/>\n<meta property=\"article:published_time\" content=\"2022-10-04T11:00:46+00:00\" \/>\n<meta property=\"article:modified_time\" content=\"2022-10-05T16:47:37+00:00\" \/>\n<meta property=\"og:image\" content=\"https:\/\/skeliade.fr\/wp-content\/uploads\/2022\/03\/iStock-pouvoir-achat.jpg\" \/>\n\t<meta property=\"og:image:width\" content=\"1257\" \/>\n\t<meta property=\"og:image:height\" content=\"835\" \/>\n\t<meta property=\"og:image:type\" content=\"image\/jpeg\" \/>\n<meta name=\"author\" content=\"Fabienne MAZEAUD\" \/>\n<meta name=\"twitter:card\" content=\"summary_large_image\" \/>\n<meta name=\"twitter:label1\" content=\"\u00c9crit par\" \/>\n\t<meta name=\"twitter:data1\" content=\"Fabienne MAZEAUD\" \/>\n\t<meta name=\"twitter:label2\" content=\"Dur\u00e9e de lecture estim\u00e9e\" \/>\n\t<meta name=\"twitter:data2\" content=\"6 minutes\" \/>\n<script type=\"application\/ld+json\" class=\"yoast-schema-graph\">{\"@context\":\"https:\/\/schema.org\",\"@graph\":[{\"@type\":\"Article\",\"@id\":\"https:\/\/skeliade.fr\/fr\/prime-de-partage-de-valeur-pour-qui-comment-quelles-exonerations\/#article\",\"isPartOf\":{\"@id\":\"https:\/\/skeliade.fr\/fr\/prime-de-partage-de-valeur-pour-qui-comment-quelles-exonerations\/\"},\"author\":{\"name\":\"Fabienne MAZEAUD\",\"@id\":\"\/#\/schema\/person\/55500a1a2459ada4ec58c4aad6e054cb\"},\"headline\":\"Prime de Partage de Valeur : pour qui ? comment ? quelles exon\u00e9rations ?\",\"datePublished\":\"2022-10-04T11:00:46+00:00\",\"dateModified\":\"2022-10-05T16:47:37+00:00\",\"mainEntityOfPage\":{\"@id\":\"https:\/\/skeliade.fr\/fr\/prime-de-partage-de-valeur-pour-qui-comment-quelles-exonerations\/\"},\"wordCount\":1159,\"publisher\":{\"@id\":\"\/#organization\"},\"image\":{\"@id\":\"https:\/\/skeliade.fr\/fr\/prime-de-partage-de-valeur-pour-qui-comment-quelles-exonerations\/#primaryimage\"},\"thumbnailUrl\":\"https:\/\/skeliade.fr\/wp-content\/uploads\/2022\/03\/iStock-pouvoir-achat.jpg\",\"articleSection\":[\"Actualit\u00e9s\"],\"inLanguage\":\"fr-FR\"},{\"@type\":\"WebPage\",\"@id\":\"https:\/\/skeliade.fr\/fr\/prime-de-partage-de-valeur-pour-qui-comment-quelles-exonerations\/\",\"url\":\"https:\/\/skeliade.fr\/fr\/prime-de-partage-de-valeur-pour-qui-comment-quelles-exonerations\/\",\"name\":\"Prime de Partage de Valeur : pour qui ? comment ? quelles exon\u00e9rations ? &#8226; Sk\u00e9liade\",\"isPartOf\":{\"@id\":\"\/#website\"},\"primaryImageOfPage\":{\"@id\":\"https:\/\/skeliade.fr\/fr\/prime-de-partage-de-valeur-pour-qui-comment-quelles-exonerations\/#primaryimage\"},\"image\":{\"@id\":\"https:\/\/skeliade.fr\/fr\/prime-de-partage-de-valeur-pour-qui-comment-quelles-exonerations\/#primaryimage\"},\"thumbnailUrl\":\"https:\/\/skeliade.fr\/wp-content\/uploads\/2022\/03\/iStock-pouvoir-achat.jpg\",\"datePublished\":\"2022-10-04T11:00:46+00:00\",\"dateModified\":\"2022-10-05T16:47:37+00:00\",\"description\":\"Adieu \u00e0 la Prime exceptionnelle de Pouvoir d'Achat ; place \u00e0 le Prime de Partage de la Valeur (PPV). La loi \\\"Pouvoir d'achat\\\" du 16 ao\u00fbt 2022 donne la possibilit\u00e9 aux employeurs de verser chaque ann\u00e9e \u00e0 leur salari\u00e9s, une prime b\u00e9n\u00e9ficiant d'un r\u00e9gime social de faveur. Une exon\u00e9ration sociale et fiscale renforc\u00e9e est pr\u00e9vue jusqu'au 31 d\u00e9cembre 2023, pour les salari\u00e9s pay\u00e9s moins de 3 SMIC.\",\"breadcrumb\":{\"@id\":\"https:\/\/skeliade.fr\/fr\/prime-de-partage-de-valeur-pour-qui-comment-quelles-exonerations\/#breadcrumb\"},\"inLanguage\":\"fr-FR\",\"potentialAction\":[{\"@type\":\"ReadAction\",\"target\":[\"https:\/\/skeliade.fr\/fr\/prime-de-partage-de-valeur-pour-qui-comment-quelles-exonerations\/\"]}]},{\"@type\":\"ImageObject\",\"inLanguage\":\"fr-FR\",\"@id\":\"https:\/\/skeliade.fr\/fr\/prime-de-partage-de-valeur-pour-qui-comment-quelles-exonerations\/#primaryimage\",\"url\":\"https:\/\/skeliade.fr\/wp-content\/uploads\/2022\/03\/iStock-pouvoir-achat.jpg\",\"contentUrl\":\"https:\/\/skeliade.fr\/wp-content\/uploads\/2022\/03\/iStock-pouvoir-achat.jpg\",\"width\":1257,\"height\":835,\"caption\":\"Nouveau cas de d\u00e9blocage anticip\u00e9 exceptionnel de l'int\u00e9ressement et de la participation\"},{\"@type\":\"BreadcrumbList\",\"@id\":\"https:\/\/skeliade.fr\/fr\/prime-de-partage-de-valeur-pour-qui-comment-quelles-exonerations\/#breadcrumb\",\"itemListElement\":[{\"@type\":\"ListItem\",\"position\":1,\"name\":\"Home\",\"item\":\"https:\/\/skeliade.fr\/fr\/\"},{\"@type\":\"ListItem\",\"position\":2,\"name\":\"Prime de Partage de Valeur : pour qui ? comment ? quelles exon\u00e9rations ?\"}]},{\"@type\":\"WebSite\",\"@id\":\"\/#website\",\"url\":\"\/\",\"name\":\"Sk\u00e9liade\",\"description\":\"Gestion externalis\u00e9e de la paie et du personnel\",\"publisher\":{\"@id\":\"\/#organization\"},\"potentialAction\":[{\"@type\":\"SearchAction\",\"target\":{\"@type\":\"EntryPoint\",\"urlTemplate\":\"\/?s={search_term_string}\"},\"query-input\":{\"@type\":\"PropertyValueSpecification\",\"valueRequired\":true,\"valueName\":\"search_term_string\"}}],\"inLanguage\":\"fr-FR\"},{\"@type\":\"Organization\",\"@id\":\"\/#organization\",\"name\":\"Sk\u00e9liade\",\"url\":\"\/\",\"logo\":{\"@type\":\"ImageObject\",\"inLanguage\":\"fr-FR\",\"@id\":\"\/#\/schema\/logo\/image\/\",\"url\":\"https:\/\/skeliade.fr\/wp-content\/uploads\/2021\/03\/SKELIADE_Logo.png\",\"contentUrl\":\"https:\/\/skeliade.fr\/wp-content\/uploads\/2021\/03\/SKELIADE_Logo.png\",\"width\":500,\"height\":156,\"caption\":\"Sk\u00e9liade\"},\"image\":{\"@id\":\"\/#\/schema\/logo\/image\/\"},\"sameAs\":[\"https:\/\/fr.linkedin.com\/company\/skeliade\"]},{\"@type\":\"Person\",\"@id\":\"\/#\/schema\/person\/55500a1a2459ada4ec58c4aad6e054cb\",\"name\":\"Fabienne MAZEAUD\"}]}<\/script>\n<!-- \/ Yoast SEO Premium plugin. -->","yoast_head_json":{"title":"Prime de Partage de Valeur : pour qui ? comment ? quelles exon\u00e9rations ? &#8226; Sk\u00e9liade","description":"Adieu \u00e0 la Prime exceptionnelle de Pouvoir d'Achat ; place \u00e0 le Prime de Partage de la Valeur (PPV). La loi \"Pouvoir d'achat\" du 16 ao\u00fbt 2022 donne la possibilit\u00e9 aux employeurs de verser chaque ann\u00e9e \u00e0 leur salari\u00e9s, une prime b\u00e9n\u00e9ficiant d'un r\u00e9gime social de faveur. Une exon\u00e9ration sociale et fiscale renforc\u00e9e est pr\u00e9vue jusqu'au 31 d\u00e9cembre 2023, pour les salari\u00e9s pay\u00e9s moins de 3 SMIC.","robots":{"index":"index","follow":"follow","max-snippet":"max-snippet:-1","max-image-preview":"max-image-preview:large","max-video-preview":"max-video-preview:-1"},"canonical":"https:\/\/skeliade.fr\/fr\/prime-de-partage-de-valeur-pour-qui-comment-quelles-exonerations\/","og_locale":"fr_FR","og_type":"article","og_title":"Prime de Partage de Valeur : pour qui ? comment ? quelles exon\u00e9rations ?","og_description":"Adieu \u00e0 la Prime exceptionnelle de Pouvoir d'Achat ; place \u00e0 le Prime de Partage de la Valeur (PPV). La loi \"Pouvoir d'achat\" du 16 ao\u00fbt 2022 donne la possibilit\u00e9 aux employeurs de verser chaque ann\u00e9e \u00e0 leur salari\u00e9s, une prime b\u00e9n\u00e9ficiant d'un r\u00e9gime social de faveur. Une exon\u00e9ration sociale et fiscale renforc\u00e9e est pr\u00e9vue jusqu'au 31 d\u00e9cembre 2023, pour les salari\u00e9s pay\u00e9s moins de 3 SMIC.","og_url":"https:\/\/skeliade.fr\/fr\/prime-de-partage-de-valeur-pour-qui-comment-quelles-exonerations\/","og_site_name":"Sk\u00e9liade","article_published_time":"2022-10-04T11:00:46+00:00","article_modified_time":"2022-10-05T16:47:37+00:00","og_image":[{"width":1257,"height":835,"url":"https:\/\/skeliade.fr\/wp-content\/uploads\/2022\/03\/iStock-pouvoir-achat.jpg","type":"image\/jpeg"}],"author":"Fabienne MAZEAUD","twitter_card":"summary_large_image","twitter_misc":{"\u00c9crit par":"Fabienne MAZEAUD","Dur\u00e9e de lecture estim\u00e9e":"6 minutes"},"schema":{"@context":"https:\/\/schema.org","@graph":[{"@type":"Article","@id":"https:\/\/skeliade.fr\/fr\/prime-de-partage-de-valeur-pour-qui-comment-quelles-exonerations\/#article","isPartOf":{"@id":"https:\/\/skeliade.fr\/fr\/prime-de-partage-de-valeur-pour-qui-comment-quelles-exonerations\/"},"author":{"name":"Fabienne MAZEAUD","@id":"\/#\/schema\/person\/55500a1a2459ada4ec58c4aad6e054cb"},"headline":"Prime de Partage de Valeur : pour qui ? comment ? quelles exon\u00e9rations ?","datePublished":"2022-10-04T11:00:46+00:00","dateModified":"2022-10-05T16:47:37+00:00","mainEntityOfPage":{"@id":"https:\/\/skeliade.fr\/fr\/prime-de-partage-de-valeur-pour-qui-comment-quelles-exonerations\/"},"wordCount":1159,"publisher":{"@id":"\/#organization"},"image":{"@id":"https:\/\/skeliade.fr\/fr\/prime-de-partage-de-valeur-pour-qui-comment-quelles-exonerations\/#primaryimage"},"thumbnailUrl":"https:\/\/skeliade.fr\/wp-content\/uploads\/2022\/03\/iStock-pouvoir-achat.jpg","articleSection":["Actualit\u00e9s"],"inLanguage":"fr-FR"},{"@type":"WebPage","@id":"https:\/\/skeliade.fr\/fr\/prime-de-partage-de-valeur-pour-qui-comment-quelles-exonerations\/","url":"https:\/\/skeliade.fr\/fr\/prime-de-partage-de-valeur-pour-qui-comment-quelles-exonerations\/","name":"Prime de Partage de Valeur : pour qui ? comment ? quelles exon\u00e9rations ? &#8226; Sk\u00e9liade","isPartOf":{"@id":"\/#website"},"primaryImageOfPage":{"@id":"https:\/\/skeliade.fr\/fr\/prime-de-partage-de-valeur-pour-qui-comment-quelles-exonerations\/#primaryimage"},"image":{"@id":"https:\/\/skeliade.fr\/fr\/prime-de-partage-de-valeur-pour-qui-comment-quelles-exonerations\/#primaryimage"},"thumbnailUrl":"https:\/\/skeliade.fr\/wp-content\/uploads\/2022\/03\/iStock-pouvoir-achat.jpg","datePublished":"2022-10-04T11:00:46+00:00","dateModified":"2022-10-05T16:47:37+00:00","description":"Adieu \u00e0 la Prime exceptionnelle de Pouvoir d'Achat ; place \u00e0 le Prime de Partage de la Valeur (PPV). La loi \"Pouvoir d'achat\" du 16 ao\u00fbt 2022 donne la possibilit\u00e9 aux employeurs de verser chaque ann\u00e9e \u00e0 leur salari\u00e9s, une prime b\u00e9n\u00e9ficiant d'un r\u00e9gime social de faveur. Une exon\u00e9ration sociale et fiscale renforc\u00e9e est pr\u00e9vue jusqu'au 31 d\u00e9cembre 2023, pour les salari\u00e9s pay\u00e9s moins de 3 SMIC.","breadcrumb":{"@id":"https:\/\/skeliade.fr\/fr\/prime-de-partage-de-valeur-pour-qui-comment-quelles-exonerations\/#breadcrumb"},"inLanguage":"fr-FR","potentialAction":[{"@type":"ReadAction","target":["https:\/\/skeliade.fr\/fr\/prime-de-partage-de-valeur-pour-qui-comment-quelles-exonerations\/"]}]},{"@type":"ImageObject","inLanguage":"fr-FR","@id":"https:\/\/skeliade.fr\/fr\/prime-de-partage-de-valeur-pour-qui-comment-quelles-exonerations\/#primaryimage","url":"https:\/\/skeliade.fr\/wp-content\/uploads\/2022\/03\/iStock-pouvoir-achat.jpg","contentUrl":"https:\/\/skeliade.fr\/wp-content\/uploads\/2022\/03\/iStock-pouvoir-achat.jpg","width":1257,"height":835,"caption":"Nouveau cas de d\u00e9blocage anticip\u00e9 exceptionnel de l'int\u00e9ressement et de la participation"},{"@type":"BreadcrumbList","@id":"https:\/\/skeliade.fr\/fr\/prime-de-partage-de-valeur-pour-qui-comment-quelles-exonerations\/#breadcrumb","itemListElement":[{"@type":"ListItem","position":1,"name":"Home","item":"https:\/\/skeliade.fr\/fr\/"},{"@type":"ListItem","position":2,"name":"Prime de Partage de Valeur : pour qui ? comment ? quelles exon\u00e9rations ?"}]},{"@type":"WebSite","@id":"\/#website","url":"\/","name":"Sk\u00e9liade","description":"Gestion externalis\u00e9e de la paie et du personnel","publisher":{"@id":"\/#organization"},"potentialAction":[{"@type":"SearchAction","target":{"@type":"EntryPoint","urlTemplate":"\/?s={search_term_string}"},"query-input":{"@type":"PropertyValueSpecification","valueRequired":true,"valueName":"search_term_string"}}],"inLanguage":"fr-FR"},{"@type":"Organization","@id":"\/#organization","name":"Sk\u00e9liade","url":"\/","logo":{"@type":"ImageObject","inLanguage":"fr-FR","@id":"\/#\/schema\/logo\/image\/","url":"https:\/\/skeliade.fr\/wp-content\/uploads\/2021\/03\/SKELIADE_Logo.png","contentUrl":"https:\/\/skeliade.fr\/wp-content\/uploads\/2021\/03\/SKELIADE_Logo.png","width":500,"height":156,"caption":"Sk\u00e9liade"},"image":{"@id":"\/#\/schema\/logo\/image\/"},"sameAs":["https:\/\/fr.linkedin.com\/company\/skeliade"]},{"@type":"Person","@id":"\/#\/schema\/person\/55500a1a2459ada4ec58c4aad6e054cb","name":"Fabienne MAZEAUD"}]}},"_links":{"self":[{"href":"https:\/\/skeliade.fr\/fr\/wp-json\/wp\/v2\/posts\/3947"}],"collection":[{"href":"https:\/\/skeliade.fr\/fr\/wp-json\/wp\/v2\/posts"}],"about":[{"href":"https:\/\/skeliade.fr\/fr\/wp-json\/wp\/v2\/types\/post"}],"author":[{"embeddable":true,"href":"https:\/\/skeliade.fr\/fr\/wp-json\/wp\/v2\/users\/2"}],"replies":[{"embeddable":true,"href":"https:\/\/skeliade.fr\/fr\/wp-json\/wp\/v2\/comments?post=3947"}],"version-history":[{"count":93,"href":"https:\/\/skeliade.fr\/fr\/wp-json\/wp\/v2\/posts\/3947\/revisions"}],"predecessor-version":[{"id":4083,"href":"https:\/\/skeliade.fr\/fr\/wp-json\/wp\/v2\/posts\/3947\/revisions\/4083"}],"wp:featuredmedia":[{"embeddable":true,"href":"https:\/\/skeliade.fr\/fr\/wp-json\/wp\/v2\/media\/4067"}],"wp:attachment":[{"href":"https:\/\/skeliade.fr\/fr\/wp-json\/wp\/v2\/media?parent=3947"}],"wp:term":[{"taxonomy":"category","embeddable":true,"href":"https:\/\/skeliade.fr\/fr\/wp-json\/wp\/v2\/categories?post=3947"},{"taxonomy":"post_tag","embeddable":true,"href":"https:\/\/skeliade.fr\/fr\/wp-json\/wp\/v2\/tags?post=3947"}],"curies":[{"name":"wp","href":"https:\/\/api.w.org\/{rel}","templated":true}]}}