{"id":3616,"date":"2022-02-18T11:00:43","date_gmt":"2022-02-18T10:00:43","guid":{"rendered":"https:\/\/skeliade.fr\/ce-qui-change-en-paie-au-1er-janvier-2022-2\/"},"modified":"2022-02-21T16:18:06","modified_gmt":"2022-02-21T15:18:06","slug":"taxe-dapprentissage-et-formation-professionnelle-ce-qui-change-en-2022","status":"publish","type":"post","link":"https:\/\/skeliade.fr\/fr\/taxe-dapprentissage-et-formation-professionnelle-ce-qui-change-en-2022\/","title":{"rendered":"Taxe apprentissage et contribution formation : ce qui change en 2022"},"content":{"rendered":"\t\t<div data-elementor-type=\"wp-post\" data-elementor-id=\"3616\" class=\"elementor elementor-3616\">\n\t\t\t\t\t\t<section class=\"elementor-section elementor-top-section elementor-element elementor-element-7b4474b7 elementor-section-boxed elementor-section-height-default elementor-section-height-default parallax_section_no qode_elementor_container_no\" data-id=\"7b4474b7\" data-element_type=\"section\">\n\t\t\t\t\t\t<div class=\"elementor-container elementor-column-gap-default\">\n\t\t\t\t\t<div class=\"elementor-column elementor-col-50 elementor-top-column elementor-element elementor-element-706b1f5\" data-id=\"706b1f5\" data-element_type=\"column\">\n\t\t\t<div class=\"elementor-widget-wrap elementor-element-populated\">\n\t\t\t\t\t\t<div class=\"elementor-element elementor-element-c34f3e2 elementor-widget elementor-widget-image\" data-id=\"c34f3e2\" data-element_type=\"widget\" data-widget_type=\"image.default\">\n\t\t\t\t<div class=\"elementor-widget-container\">\n\t\t\t\t\t\t\t\t\t\t\t\t\t\t\t<img fetchpriority=\"high\" decoding=\"async\" width=\"1613\" height=\"1080\" src=\"https:\/\/skeliade.fr\/wp-content\/uploads\/2022\/02\/Zoom-sur.jpg\" class=\"attachment-full size-full wp-image-3617\" alt=\"Taxe apprentissage et contribution formation au 1er janvier 2022\" srcset=\"https:\/\/skeliade.fr\/wp-content\/uploads\/2022\/02\/Zoom-sur.jpg 1613w, https:\/\/skeliade.fr\/wp-content\/uploads\/2022\/02\/Zoom-sur-300x201.jpg 300w, https:\/\/skeliade.fr\/wp-content\/uploads\/2022\/02\/Zoom-sur-1024x686.jpg 1024w, https:\/\/skeliade.fr\/wp-content\/uploads\/2022\/02\/Zoom-sur-768x514.jpg 768w, https:\/\/skeliade.fr\/wp-content\/uploads\/2022\/02\/Zoom-sur-1536x1028.jpg 1536w, https:\/\/skeliade.fr\/wp-content\/uploads\/2022\/02\/Zoom-sur-700x469.jpg 700w\" sizes=\"(max-width: 1613px) 100vw, 1613px\" \/>\t\t\t\t\t\t\t\t\t\t\t\t\t\t\t<\/div>\n\t\t\t\t<\/div>\n\t\t\t\t\t<\/div>\n\t\t<\/div>\n\t\t\t\t<div class=\"elementor-column elementor-col-50 elementor-top-column elementor-element elementor-element-154018a1\" data-id=\"154018a1\" data-element_type=\"column\">\n\t\t\t<div class=\"elementor-widget-wrap elementor-element-populated\">\n\t\t\t\t\t\t<div class=\"elementor-element elementor-element-12ca747d elementor-widget elementor-widget-text-editor\" data-id=\"12ca747d\" data-element_type=\"widget\" data-widget_type=\"text-editor.default\">\n\t\t\t\t<div class=\"elementor-widget-container\">\n\t\t\t\t\t\t\t\t\t<p>Initialement pr\u00e9vu pour 2021, le transfert du recouvrement aux URSSAF (ou MSA) de la contribution \u00e0 la formation, du 1% CPF-CDD et de la taxe d\u2019apprentissage a \u00e9t\u00e9 d\u00e9cal\u00e9 \u00e0 2022.<\/p><p><strong>Sur 2022, l<\/strong>e transfert ne concerne que les<strong> contributions l\u00e9gales \u00e0 la formation professionnelle, la taxe d\u2019apprentissage et sa contribution suppl\u00e9mentaire. <\/strong>Elles sont dor\u00e9navant<strong> d\u00e9clar\u00e9es et pay\u00e9es mensuellement, via la DSN.<\/strong><\/p><p>Pour la derni\u00e8re ann\u00e9e, les employeurs doivent<b> verser le solde de leur contribution CUFPA et 1% CPF-CDD \u00e0 leur OPCO avant le 1er mars 2022<\/b><\/p>\t\t\t\t\t\t\t\t<\/div>\n\t\t\t\t<\/div>\n\t\t\t\t\t<\/div>\n\t\t<\/div>\n\t\t\t\t\t<\/div>\n\t\t<\/section>\n\t\t\t\t<section class=\"elementor-section elementor-top-section elementor-element elementor-element-e7f8511 elementor-section-boxed elementor-section-height-default elementor-section-height-default parallax_section_no qode_elementor_container_no\" data-id=\"e7f8511\" data-element_type=\"section\">\n\t\t\t\t\t\t<div class=\"elementor-container elementor-column-gap-default\">\n\t\t\t\t\t<div class=\"elementor-column elementor-col-100 elementor-top-column elementor-element elementor-element-751b7ff\" data-id=\"751b7ff\" data-element_type=\"column\">\n\t\t\t<div class=\"elementor-widget-wrap elementor-element-populated\">\n\t\t\t\t\t\t<div class=\"elementor-element elementor-element-3b9eebd elementor-widget elementor-widget-text-editor\" data-id=\"3b9eebd\" data-element_type=\"widget\" data-widget_type=\"text-editor.default\">\n\t\t\t\t<div class=\"elementor-widget-container\">\n\t\t\t\t\t\t\t\t\t<h3><strong><span style=\"color: #dd7200;\"><span style=\"color: #dc7200;\">Pr\u00e9ambule<\/span><\/span><\/strong><\/h3><p><span style=\"color: #333333;\">Conform\u00e9ment \u00e0 l&rsquo;article L. 6131-1 du Code du travail, tout employeur doit concourir au d\u00e9veloppement de la formation professionnelle et de l&rsquo;apprentissage, par le versement des contributions suivantes :<\/span><\/p><ul><li><span style=\"color: #333333;\">La CUFPA (Contribution Unique \u00e0 la Formation Professionnelle et \u00e0 l&rsquo;Alternance) qui regroupe la contribution l\u00e9gale \u00e0 la formation professionnelle (CFP) et la taxe d&rsquo;apprentissage (TA).<\/span><\/li><li><span style=\"color: #333333;\">La contribution d\u00e9di\u00e9e au financement du compte personnel de formation pour les titulaires de CDD (CPF-CDD)<\/span><\/li><li><span style=\"color: #333333;\">La contribution suppl\u00e9mentaire \u00e0 la taxe d&rsquo;apprentissage (CSA) qui ne concerne que les entreprises de 250 salari\u00e9s et plus.<\/span><\/li><\/ul><p>\u00a0<\/p><p><span style=\"color: #333333;\">La loi n\u00b0 2018-771 pour la libert\u00e9 de choisir son avenir professionnel a r\u00e9form\u00e9 le financement de la formation professionnelle et met en oeuvre un transfert au 1er janvier 2022 de la collecte des contributions l\u00e9gales de formation professionnelle et d&rsquo;apprentissage aux URSSAF et aux MSA.<\/span><\/p><p><span style=\"color: #333333;\">Cette \u00e9volution va faciliter la vie des entreprises en apportant une plus grande simplicit\u00e9 et lisibilit\u00e9 dans le d\u00e9p\u00f4t des d\u00e9clarations et le paiement des contributions.<\/span><\/p><p><strong><span style=\"color: #333333;\">Nous d\u00e9taillons ci-apr\u00e8s les r\u00e8gles \u00e0 conna\u00eetre concernant ces contributions : assujettissement, calcul, modalit\u00e9s d\u00e9claratives.<\/span><\/strong><\/p><p>\u00a0<\/p>\t\t\t\t\t\t\t\t<\/div>\n\t\t\t\t<\/div>\n\t\t\t\t\t<\/div>\n\t\t<\/div>\n\t\t\t\t\t<\/div>\n\t\t<\/section>\n\t\t\t\t<section class=\"elementor-section elementor-top-section elementor-element elementor-element-b21ec69 elementor-section-boxed elementor-section-height-default elementor-section-height-default parallax_section_no qode_elementor_container_no\" data-id=\"b21ec69\" data-element_type=\"section\">\n\t\t\t\t\t\t<div class=\"elementor-container elementor-column-gap-default\">\n\t\t\t\t\t<div class=\"elementor-column elementor-col-100 elementor-top-column elementor-element elementor-element-893b887\" data-id=\"893b887\" data-element_type=\"column\">\n\t\t\t<div class=\"elementor-widget-wrap elementor-element-populated\">\n\t\t\t\t\t\t<div class=\"elementor-element elementor-element-71225c4 elementor-widget elementor-widget-text-editor\" data-id=\"71225c4\" data-element_type=\"widget\" data-widget_type=\"text-editor.default\">\n\t\t\t\t<div class=\"elementor-widget-container\">\n\t\t\t\t\t\t\t\t\t<h3><span style=\"color: #dc7200;\"><strong>La contribution formation professionnelle<\/strong><\/span><\/h3><ul><li style=\"list-style-type: none;\">\u00a0<\/li><\/ul><p><span style=\"color: #dc7200;\"><strong>Quelles entreprises sont redevables de la Contribution \u00e0 la Formation Professionnelle (CFP) ?<\/strong><\/span><\/p><p><span style=\"color: #333333;\"><strong>Tous les employeurs<\/strong> sont redevables de la Contribution Formation Professionnelle <strong>quel que soit leur r\u00e9gime d\u2019imposition, leur activit\u00e9, leur forme juridique<\/strong>.<\/span><\/p><p><span style=\"color: #333333;\"><strong>Par exception, certaines cat\u00e9gories d\u2019employeurs ne sont pas assujetties<\/strong>\u00a0:<\/span><\/p><ul><li><span style=\"color: #333333;\"><strong>Les employeurs dont l\u2019entreprise ne comporte pas d\u2019\u00e9tablissement en France<\/strong> ne sont pas redevables de la Contribution Formation Professionnelle. En cons\u00e9quence, la Contribution Formation Professionnelle ne sera pas due par les entreprises sans \u00e9tablissement en France immatricul\u00e9e aupr\u00e8s du Centre National Titre Firmes Etrang\u00e8res (TFE) g\u00e9r\u00e9 par l\u2019URSSAF d\u2019Alsace.<\/span><\/li><li><span style=\"color: #333333;\"><strong>Les services de l\u2019Etat<\/strong> (Etat, collectivit\u00e9s territoriales, \u00e9tablissements publics de sant\u00e9), les <strong>Etablissements Publics Administratifs<\/strong>, les <strong>ambassades<\/strong> et les <strong>consulats<\/strong> ne sont pas redevables de la taxe d\u2019apprentissage.<\/span><\/li><\/ul><p>\u00a0<\/p><p><span style=\"color: #dc7200;\"><strong>Quels sont les taux de contribution l\u00e9gale \u00e0 la Formation Professionnelle (CFP) ?<\/strong><\/span><span style=\"color: #dc7200;\"><strong>\u00a0<\/strong><\/span><\/p>\t\t\t\t\t\t\t\t<\/div>\n\t\t\t\t<\/div>\n\t\t\t\t<div class=\"elementor-element elementor-element-21bb9ae elementor-widget elementor-widget-eae-data-table\" data-id=\"21bb9ae\" data-element_type=\"widget\" data-widget_type=\"eae-data-table.default\">\n\t\t\t\t<div class=\"elementor-widget-container\">\n\t\t\t\t\t\n\t\t<div class=\"eae-table-container\">\n\t\t\t<div class=\"eae-table-wrapper\">\n\t\t\t\t\t\t\t<div class=\"eae-table-wrap\">\n\t\t\t\t\n\t\t\t\t<table class=\"eae-table\" data-settings=\"{&quot;sort&quot;:false,&quot;search&quot;:false}\">\n\t\t\t\t\t\n\t\t<thead class=\"eae-table-head\">\n\t\t\t\t\t\t<tr class=\"eae-table-row\">\n\t\t\t\n\t\t<th class=\"eae-table__head_column elementor-repeater-item-9d16598\">\n\t\t\t<div class=\"eae-table__head__wrapper\" style=\"flex-direction: row;\" >\n\t\t\t\t<div class=\"eae-table__head-column-wrapper\">\n\n\t\t\t\t\t\t\t\t\t\t\t\t\t\t\t\t<span class=\"eae-table__column-text\">Statut et effectifs salari\u00e9s des entreprises<\/span>\n\t\t\t\t\t\n\t\t\t\t\t\n\t\t\t\t<\/div>\n\t\t\t\t\t\t\t<\/div>      \n\t\t<\/th>\n\t\t\n\t\t<th class=\"eae-table__head_column elementor-repeater-item-8616291\">\n\t\t\t<div class=\"eae-table__head__wrapper\" style=\"flex-direction: row;\" >\n\t\t\t\t<div class=\"eae-table__head-column-wrapper\">\n\n\t\t\t\t\t\t\t\t\t\t\t\t\t\t\t\t<span class=\"eae-table__column-text\">Taux de contributions<\/span>\n\t\t\t\t\t\n\t\t\t\t\t\n\t\t\t\t<\/div>\n\t\t\t\t\t\t\t<\/div>      \n\t\t<\/th>\n\t\t\n\t\t<th class=\"eae-table__head_column elementor-repeater-item-8104e52\">\n\t\t\t<div class=\"eae-table__head__wrapper\" style=\"flex-direction: row;\" >\n\t\t\t\t<div class=\"eae-table__head-column-wrapper\">\n\n\t\t\t\t\t\t\t\t\t\t\t\t\t\t\t\t<span class=\"eae-table__column-text\">CTP<\/span>\n\t\t\t\t\t\n\t\t\t\t\t\n\t\t\t\t<\/div>\n\t\t\t\t\t\t\t<\/div>      \n\t\t<\/th>\n\t\t\t\t\t<\/tr><tr class=\"eae-table-row\">\n\t\t\t\t<\/thead> \n\t\t\t\t\t\t\t\t\t\t<tbody class=\"eae-table__body\">\n\t\t\t\t\t\t<tr class=\"eae-table__body-row\">\n\t\t\t\n\t\t<td class=\"eae-table__body_row_column elementor-repeater-item-f22382d\" colspan=\"1\" rowspan=\"1\">  \n\t\t\t<div class=\"eae-table__body-column-wrapper\">\n\t\t\t<div class=\"eae-table__col-inner\">\t\t\t   \n\t\t\t\t\t\t\t\t\t\t\t<span class=\"eae-table-body__text\">Entreprises de moins de 11 salari\u00e9s<\/span>\n\t\t\t\n\t\t\t\n\t\t\t \n\t\t\t\t\t\t\t<\/div>\t\t\t<\/div>\n\t\t<\/td>\n\n\t\t\n\t\t<td class=\"eae-table__body_row_column elementor-repeater-item-6149c91\" colspan=\"1\" rowspan=\"1\">  \n\t\t\t<div class=\"eae-table__body-column-wrapper\">\n\t\t\t<div class=\"eae-table__col-inner\">\t\t\t   \n\t\t\t\t\t\t\t\t\t\t\t<span class=\"eae-table-body__text\">0,55%<\/span>\n\t\t\t\n\t\t\t\n\t\t\t \n\t\t\t\t\t\t\t<\/div>\t\t\t<\/div>\n\t\t<\/td>\n\n\t\t\n\t\t<td class=\"eae-table__body_row_column elementor-repeater-item-40a3f5a\" colspan=\"1\" rowspan=\"1\">  \n\t\t\t<div class=\"eae-table__body-column-wrapper\">\n\t\t\t<div class=\"eae-table__col-inner\">\t\t\t   \n\t\t\t\t\t\t\t\t\t\t\t<span class=\"eae-table-body__text\">959<\/span>\n\t\t\t\n\t\t\t\n\t\t\t \n\t\t\t\t\t\t\t<\/div>\t\t\t<\/div>\n\t\t<\/td>\n\n\t\t\t\t\t<\/tr><tr class=\"eae-table__body-row\">\n\t\t\n\t\t<td class=\"eae-table__body_row_column elementor-repeater-item-a9dd397\" colspan=\"1\" rowspan=\"1\">  \n\t\t\t<div class=\"eae-table__body-column-wrapper\">\n\t\t\t<div class=\"eae-table__col-inner\">\t\t\t   \n\t\t\t\t\t\t\t\t\t\t\t<span class=\"eae-table-body__text\">Entreprises de 11 salari\u00e9s et plus<\/span>\n\t\t\t\n\t\t\t\n\t\t\t \n\t\t\t\t\t\t\t<\/div>\t\t\t<\/div>\n\t\t<\/td>\n\n\t\t\n\t\t<td class=\"eae-table__body_row_column elementor-repeater-item-d795a05\" colspan=\"1\" rowspan=\"1\">  \n\t\t\t<div class=\"eae-table__body-column-wrapper\">\n\t\t\t<div class=\"eae-table__col-inner\">\t\t\t   \n\t\t\t\t\t\t\t\t\t\t\t<span class=\"eae-table-body__text\">1%<\/span>\n\t\t\t\n\t\t\t\n\t\t\t \n\t\t\t\t\t\t\t<\/div>\t\t\t<\/div>\n\t\t<\/td>\n\n\t\t\n\t\t<td class=\"eae-table__body_row_column elementor-repeater-item-20723cb\" colspan=\"1\" rowspan=\"1\">  \n\t\t\t<div class=\"eae-table__body-column-wrapper\">\n\t\t\t<div class=\"eae-table__col-inner\">\t\t\t   \n\t\t\t\t\t\t\t\t\t\t\t<span class=\"eae-table-body__text\">971<\/span>\n\t\t\t\n\t\t\t\n\t\t\t \n\t\t\t\t\t\t\t<\/div>\t\t\t<\/div>\n\t\t<\/td>\n\n\t\t\t\t\t<\/tr><tr class=\"eae-table__body-row\">\n\t\t\n\t\t<td class=\"eae-table__body_row_column elementor-repeater-item-0181406\" colspan=\"1\" rowspan=\"1\">  \n\t\t\t<div class=\"eae-table__body-column-wrapper\">\n\t\t\t<div class=\"eae-table__col-inner\">\t\t\t   \n\t\t\t\t\t\t\t\t\t\t\t<span class=\"eae-table-body__text\">Employeurs de personnels intermittents du spectacle<\/span>\n\t\t\t\n\t\t\t\n\t\t\t \n\t\t\t\t\t\t\t<\/div>\t\t\t<\/div>\n\t\t<\/td>\n\n\t\t\n\t\t<td class=\"eae-table__body_row_column elementor-repeater-item-7c3160d\" colspan=\"1\" rowspan=\"1\">  \n\t\t\t<div class=\"eae-table__body-column-wrapper\">\n\t\t\t<div class=\"eae-table__col-inner\">\t\t\t   \n\t\t\t\t\t\t\t\t\t\t\t<span class=\"eae-table-body__text\">2%<\/span>\n\t\t\t\n\t\t\t\n\t\t\t \n\t\t\t\t\t\t\t<\/div>\t\t\t<\/div>\n\t\t<\/td>\n\n\t\t\n\t\t<td class=\"eae-table__body_row_column elementor-repeater-item-f7a1611\" colspan=\"1\" rowspan=\"1\">  \n\t\t\t<div class=\"eae-table__body-column-wrapper\">\n\t\t\t<div class=\"eae-table__col-inner\">\t\t\t   \n\t\t\t\t\t\t\t\t\t\t\t<span class=\"eae-table-body__text\">983<\/span>\n\t\t\t\n\t\t\t\n\t\t\t \n\t\t\t\t\t\t\t<\/div>\t\t\t<\/div>\n\t\t<\/td>\n\n\t\t\t\t\t<\/tbody>\n\t\t\t\t\t\t\t<\/table>\n\t\t\t\t<\/div>\t\t\t\n\t\t\t<\/div>\n\t\t<\/div>\n\n\t\t\t\t\t\t<\/div>\n\t\t\t\t<\/div>\n\t\t\t\t<div class=\"elementor-element elementor-element-4e98f7c elementor-widget elementor-widget-text-editor\" data-id=\"4e98f7c\" data-element_type=\"widget\" data-widget_type=\"text-editor.default\">\n\t\t\t\t<div class=\"elementor-widget-container\">\n\t\t\t\t\t\t\t\t\t<p><span style=\"background-color: #dc7200; color: #fff;\"><strong>Quelques pr\u00e9cisions utiles<\/strong><\/span><\/p><ul><li><strong>Employeurs d\u2019intermittents du spectacle<\/strong><strong>\u00a0<\/strong><\/li><\/ul><p>Pour les employeurs de personnels intermittents du spectacle qui rel\u00e8vent des secteurs d\u2019activit\u00e9s du <strong>spectacle vivant<\/strong> et du <strong>spectacle enregistr\u00e9<\/strong> pour lesquels il est d\u2019usage constant de <strong>recourir \u00e0 des CDD d\u2019usage<\/strong> en raison du caract\u00e8re par nature temporaire de ces emplois, \u00a0une <strong>CFP d\u00e9rogatoire de 2% minimum <\/strong>se substitue \u00e0 la CFP l\u00e9gale et \u00e0 la contribution CPF-CDD, quel que soit l\u2019effectif de l\u2019entreprise.<\/p><ul><li><strong>Employeurs du BTP<\/strong><\/li><\/ul><p>A compter du 1<sup>er<\/sup> janvier, les URSSAF collectent<\/p><ul><li style=\"list-style-type: none;\"><ul><li style=\"list-style-type: none;\"><ul><li>Pour les entreprises de <strong>11 salari\u00e9s et plus<\/strong>, la <strong>totalit\u00e9 de la CFP (1%)<\/strong> <strong>sans<\/strong> que lui <strong>soit soustrait<\/strong> le montant de la cotisation au Comit\u00e9 de Concertation et de Coordination de l\u2019Apprentissage du BTP (<strong>Contribution CCA-BTP<\/strong> = 0,30%)<\/li><li>Pour les entreprises de <strong>moins de 11 salari\u00e9s<\/strong>, la contribution l\u00e9gale CFP seulement tandis que la<strong> contribution CCA-BTP<\/strong> (0,30%) <strong>reste collect\u00e9e par PROBTP<\/strong> dans les conditions habituelles.<\/li><\/ul><\/li><\/ul><\/li><\/ul><ul><li><strong>Franchissement de seuils<\/strong><strong>\u00a0<\/strong><\/li><\/ul><p>Les employeurs qui ont <strong>d\u00e9pass\u00e9 le seuil de 11 salari\u00e9s<\/strong> en 2020 ou au titre d\u2019une ann\u00e9e ult\u00e9rieure <strong>b\u00e9n\u00e9ficient d\u2019une neutralisation sur 5 ann\u00e9es cons\u00e9cutives du franchissement de seuil<\/strong>. Ils se voient donc maintenir le taux de 0,55% l\u2019ann\u00e9e du franchissement de seuil et les 4 ann\u00e9es suivantes.<\/p><p>Le franchissement \u00e0 la baisse d\u2019un seuil d\u2019effectif sur une ann\u00e9e civile a pour effet de faire \u00e0 nouveau courir la r\u00e8gle ci-dessus et d\u00e9clenche un nouveau d\u00e9lai de 5 ans.<\/p><p>Conform\u00e9ment \u00e0 la loi de finances pour 2021 (art 159), les employeurs qui ont franchi le seuil des 11 salari\u00e9s en 2018 et 2019 restent soumis, pour l\u2019ann\u00e9e du franchissement de seuil et les 4 suivantes, au taux de 0,55%.<\/p><p><span style=\"color: #dc7215;\"><strong>Comment est d\u00e9termin\u00e9e l\u2019assiette de la CFP\u00a0?<\/strong><\/span><\/p><ul><li>L&rsquo;assiette est constitu\u00e9e par les revenus d\u2019activit\u00e9 tels qu\u2019ils sont pris en compte pour la d\u00e9termination de l\u2019<strong>assiette S\u00e9curit\u00e9 Sociale<\/strong>.<\/li><li>Les <strong>r\u00e9mun\u00e9rations dues aux apprentis<\/strong> par les <strong>employeurs dont l\u2019effectif est de moins de 11 salari\u00e9s<\/strong> sont <strong>exon\u00e9r\u00e9es<\/strong> de la CFP.<\/li><\/ul><ul><li>S\u2019agissant des <strong>entreprises de BTP<\/strong>, de transport ou des dockers, dont les cong\u00e9s pay\u00e9s sont r\u00e9gl\u00e9s par des caisses, les salaires \u00e0 d\u00e9clarer sont ceux effectivement pay\u00e9s par l\u2019entreprise, <strong>major\u00e9s d\u2019un coefficient forfaitaire de 1,115<\/strong> au titre des indemnit\u00e9s de cong\u00e9s.<\/li><\/ul><p>\u00a0<\/p><p><span style=\"color: #dc7215;\"><strong>Comment sont r\u00e9partis les fonds aupr\u00e8s des OPCO\u00a0?<\/strong><\/span><\/p><p>Les fonds collect\u00e9s par les URSSAF au titre des contributions de formation professionnelle\u00a0 sont fl\u00e9ch\u00e9s et r\u00e9partis par France Comp\u00e9tence aupr\u00e8s des diff\u00e9rentes OPCO.<\/p><p><span style=\"color: #dc7215;\"><strong>Et quid des contributions conventionnelles volontaires\u00a0?<\/strong><\/span><\/p><p>A partir de 2024, il sera possible de confier aux URSSAF le recouvrement des contributions conventionnelles suppl\u00e9mentaires pr\u00e9vues par un accord national professionnel. Il s\u2019agira d\u2019une possibilit\u00e9 ouverte aux partenaires sociaux des branches et non d\u2019une obligation. En attendant, ces contributions continuent \u00e0 \u00eatre vers\u00e9es aux OPCO.<\/p>\t\t\t\t\t\t\t\t<\/div>\n\t\t\t\t<\/div>\n\t\t\t\t\t<\/div>\n\t\t<\/div>\n\t\t\t\t\t<\/div>\n\t\t<\/section>\n\t\t\t\t<section class=\"elementor-section elementor-top-section elementor-element elementor-element-9638ec9 elementor-section-boxed elementor-section-height-default elementor-section-height-default parallax_section_no qode_elementor_container_no\" data-id=\"9638ec9\" data-element_type=\"section\">\n\t\t\t\t\t\t<div class=\"elementor-container elementor-column-gap-default\">\n\t\t\t\t\t<div class=\"elementor-column elementor-col-100 elementor-top-column elementor-element elementor-element-36bb40b\" data-id=\"36bb40b\" data-element_type=\"column\">\n\t\t\t<div class=\"elementor-widget-wrap elementor-element-populated\">\n\t\t\t\t\t\t<div class=\"elementor-element elementor-element-a117680 elementor-widget elementor-widget-text-editor\" data-id=\"a117680\" data-element_type=\"widget\" data-widget_type=\"text-editor.default\">\n\t\t\t\t<div class=\"elementor-widget-container\">\n\t\t\t\t\t\t\t\t\t<h3><strong><span style=\"color: #dc7200;\">Contribution CPF-CDD<\/span><\/strong><\/h3><ul><li style=\"list-style-type: none;\">\u00a0<\/li><\/ul><p><span style=\"color: #dc7215;\"><strong>Quelles entreprises sont redevables de la Contribution CPF-CDD\u00a0?<\/strong><\/span><\/p><p><span style=\"color: #333333;\">Tous les employeurs sont redevables de la contribution CPF-CDD d\u00e9di\u00e9e au financement du Compte Personnel de Formation des titulaires de CDD (CPF-CDD).<\/span><\/p><p><strong>\u00a0<\/strong><span style=\"color: #dc7215;\"><strong>Quelle est la base de calcul de la contribution\u00a0?<\/strong><\/span><\/p><p>L\u2019assiette est la m\u00eame que celle retenue pour la contribution \u00e0 la Formation Professionnelle \u00e0 savoir l&rsquo;assiette des cotisations S\u00e9curit\u00e9 Sociale major\u00e9e de 1,115 pour les entreprises de BTP, de transport ou des dockers, dont les cong\u00e9s pay\u00e9s sont r\u00e9gl\u00e9s par des caisses.<\/p><p><span style=\"color: #dc7215;\"><strong>Certains CDD sont exon\u00e9r\u00e9s <\/strong><\/span><\/p><ul><li style=\"list-style-type: none;\"><ul><li style=\"list-style-type: none;\"><ul><li>CDD conclus dans le cadre de la politique de l\u2019emploi<\/li><li>Contrats d\u2019apprentissage<\/li><li>Contrats de professionnalisation<\/li><li>Contrats des intermittents du spectacle<\/li><li>CDD saisonniers<\/li><li>CDD sport conclus avec un sportif ou un entra\u00eeneur<\/li><\/ul><\/li><\/ul><\/li><\/ul>\t\t\t\t\t\t\t\t<\/div>\n\t\t\t\t<\/div>\n\t\t\t\t<div class=\"elementor-element elementor-element-6444b4d elementor-widget elementor-widget-eae-data-table\" data-id=\"6444b4d\" data-element_type=\"widget\" data-widget_type=\"eae-data-table.default\">\n\t\t\t\t<div class=\"elementor-widget-container\">\n\t\t\t\t\t\n\t\t<div class=\"eae-table-container\">\n\t\t\t<div class=\"eae-table-wrapper\">\n\t\t\t\t\t\t\t<div class=\"eae-table-wrap\">\n\t\t\t\t\n\t\t\t\t<table class=\"eae-table\" data-settings=\"{&quot;sort&quot;:false,&quot;search&quot;:false}\">\n\t\t\t\t\t\n\t\t<thead class=\"eae-table-head\">\n\t\t\t\t\t\t<tr class=\"eae-table-row\">\n\t\t\t\n\t\t<th class=\"eae-table__head_column elementor-repeater-item-a4042cc\">\n\t\t\t<div class=\"eae-table__head__wrapper\" style=\"flex-direction: row;\" >\n\t\t\t\t<div class=\"eae-table__head-column-wrapper\">\n\n\t\t\t\t\t\t\t\t\t\t\t\t\t\t\t\t<span class=\"eae-table__column-text\">Tous le employeurs quel que soit l'effectif<\/span>\n\t\t\t\t\t\n\t\t\t\t\t\n\t\t\t\t<\/div>\n\t\t\t\t\t\t\t<\/div>      \n\t\t<\/th>\n\t\t\n\t\t<th class=\"eae-table__head_column elementor-repeater-item-624808c\">\n\t\t\t<div class=\"eae-table__head__wrapper\" style=\"flex-direction: row;\" >\n\t\t\t\t<div class=\"eae-table__head-column-wrapper\">\n\n\t\t\t\t\t\t\t\t\t\t\t\t\t\t\t\t<span class=\"eae-table__column-text\">Taux de contribution<\/span>\n\t\t\t\t\t\n\t\t\t\t\t\n\t\t\t\t<\/div>\n\t\t\t\t\t\t\t<\/div>      \n\t\t<\/th>\n\t\t\n\t\t<th class=\"eae-table__head_column elementor-repeater-item-9afa56b\">\n\t\t\t<div class=\"eae-table__head__wrapper\" style=\"flex-direction: row;\" >\n\t\t\t\t<div class=\"eae-table__head-column-wrapper\">\n\n\t\t\t\t\t\t\t\t\t\t\t\t\t\t\t\t<span class=\"eae-table__column-text\">CTP<\/span>\n\t\t\t\t\t\n\t\t\t\t\t\n\t\t\t\t<\/div>\n\t\t\t\t\t\t\t<\/div>      \n\t\t<\/th>\n\t\t\t\t<\/thead> \n\t\t\t\t\t\t\t\t\t\t<tbody class=\"eae-table__body\">\n\t\t\t\t\t\t<tr class=\"eae-table__body-row\">\n\t\t\t\n\t\t<td class=\"eae-table__body_row_column elementor-repeater-item-94091a8\" colspan=\"1\" rowspan=\"1\">  \n\t\t\t<div class=\"eae-table__body-column-wrapper\">\n\t\t\t<div class=\"eae-table__col-inner\">\t\t\t   \n\t\t\t\t\t\t\t\t\t\t\t<span class=\"eae-table-body__text\">Contribution CPF-CDD<\/span>\n\t\t\t\n\t\t\t\n\t\t\t \n\t\t\t\t\t\t\t<\/div>\t\t\t<\/div>\n\t\t<\/td>\n\n\t\t\n\t\t<td class=\"eae-table__body_row_column elementor-repeater-item-a5a08ef\" colspan=\"1\" rowspan=\"1\">  \n\t\t\t<div class=\"eae-table__body-column-wrapper\">\n\t\t\t<div class=\"eae-table__col-inner\">\t\t\t   \n\t\t\t\t\t\t\t\t\t\t\t<span class=\"eae-table-body__text\">1%<\/span>\n\t\t\t\n\t\t\t\n\t\t\t \n\t\t\t\t\t\t\t<\/div>\t\t\t<\/div>\n\t\t<\/td>\n\n\t\t\n\t\t<td class=\"eae-table__body_row_column elementor-repeater-item-7e15229\" colspan=\"1\" rowspan=\"1\">  \n\t\t\t<div class=\"eae-table__body-column-wrapper\">\n\t\t\t<div class=\"eae-table__col-inner\">\t\t\t   \n\t\t\t\t\t\t\t\t\t\t\t<span class=\"eae-table-body__text\">987<\/span>\n\t\t\t\n\t\t\t\n\t\t\t \n\t\t\t\t\t\t\t<\/div>\t\t\t<\/div>\n\t\t<\/td>\n\n\t\t\t\t\t<\/tbody>\n\t\t\t\t\t\t\t<\/table>\n\t\t\t\t<\/div>\t\t\t\n\t\t\t<\/div>\n\t\t<\/div>\n\n\t\t\t\t\t\t<\/div>\n\t\t\t\t<\/div>\n\t\t\t\t\t<\/div>\n\t\t<\/div>\n\t\t\t\t\t<\/div>\n\t\t<\/section>\n\t\t\t\t<section class=\"elementor-section elementor-top-section elementor-element elementor-element-706d162 elementor-section-boxed elementor-section-height-default elementor-section-height-default parallax_section_no qode_elementor_container_no\" data-id=\"706d162\" data-element_type=\"section\">\n\t\t\t\t\t\t<div class=\"elementor-container elementor-column-gap-default\">\n\t\t\t\t\t<div class=\"elementor-column elementor-col-100 elementor-top-column elementor-element elementor-element-59633f9\" data-id=\"59633f9\" data-element_type=\"column\">\n\t\t\t<div class=\"elementor-widget-wrap elementor-element-populated\">\n\t\t\t\t\t\t<div class=\"elementor-element elementor-element-145f6e7 elementor-widget elementor-widget-text-editor\" data-id=\"145f6e7\" data-element_type=\"widget\" data-widget_type=\"text-editor.default\">\n\t\t\t\t<div class=\"elementor-widget-container\">\n\t\t\t\t\t\t\t\t\t<h3><strong><span style=\"color: #dc7200;\">La taxe d&rsquo;apprentissage<\/span><\/strong><\/h3><ul><li style=\"list-style-type: none;\">\u00a0<\/li><\/ul><p><span style=\"color: #dc7215;\"><strong>Quelles entreprises sont redevables de la taxe d&rsquo;apprentissage ?<\/strong><\/span><\/p><p>La taxe d\u2019apprentissage est due par <strong>toute entreprise soumise \u00e0 l\u2019imp\u00f4t sur les soci\u00e9t\u00e9s<\/strong> et <strong>\u00e0 l\u2019imp\u00f4t sur le revenu dans la cat\u00e9gorie BIC<\/strong>.<\/p><p>Les employeurs dont l\u2019entreprise ne comporte <strong>pas d\u2019\u00e9tablissement en France<\/strong> ne sont <strong>pas redevables de la taxe d\u2019apprentissage<\/strong>.<\/p><p>Les organismes vis\u00e9s par l\u2019article L. 6241-1 du code du travail <strong>ne sont pas redevables de la taxe d\u2019apprentissage<\/strong>.\u00a0C\u2019est le cas notamment des <strong>associations<\/strong>, fondations, fonds de dotation, congr\u00e9gations, <strong>syndicats \u00e0 activit\u00e9s non lucratives<\/strong>.<\/p><p>Les entreprises doivent d\u00e9clarer au plus tard le 31 janvier de l\u2019ann\u00e9e A+1 au titre de l\u2019ann\u00e9e A et ce pour chaque \u00e9tablissement son statut. Ce statut au regard de l\u2019assujettissement est \u00e0 d\u00e9clarer en bloc \u00ab\u00a0Assujettissement fiscal \u2013 S21.G00.44\u00a0\u00bb, rubrique \u00ab\u00a0code taxe S21.G00.44.001\u00a0\u00bb selon sa situation<\/p><ul><li style=\"list-style-type: none;\"><ul><li style=\"list-style-type: none;\"><ul><li>001 = Assujettissement \u00e0 la taxe d\u2019apprentissage<\/li><li>002 = non assujettissement \u00e0 la taxe d\u2019apprentissage.<\/li><\/ul><\/li><\/ul><\/li><\/ul><p><strong>\u00a0<\/strong><span style=\"color: #dc7215;\"><strong>Quelle est la base de calcul de la taxe d&rsquo;apprentissage ?<\/strong><\/span><\/p><p><strong>Droit commun (art L. 6241-1 du code du travail)<\/strong><\/p><ul><li>La base retenue est constitu\u00e9e par les revenus d\u2019activit\u00e9 tels qu\u2019ils sont pris en compte pour la d\u00e9termination de l\u2019<strong>assiette S\u00e9curit\u00e9 Sociale<\/strong> (idem FCP et CPF-CDD)<\/li><\/ul><ul><li>Les <strong>r\u00e9mun\u00e9rations<\/strong> dues aux <strong>apprentis<\/strong> par les <strong>employeurs<\/strong> dont l\u2019effectif est de <strong>moins de 11 salari\u00e9s<\/strong> sont <strong>exon\u00e9r\u00e9es<\/strong> de la taxe d\u2019apprentissage.<\/li><\/ul><p>\u00a0<\/p><p><strong>Dispositions sp\u00e9cifiques<\/strong><strong>\u00a0<\/strong><\/p><ul><li>Dans les <strong>entreprises de BTP, de transport et de dockers<\/strong> dont les cong\u00e9s sont r\u00e9gl\u00e9s par des caisses de cong\u00e9s, la <strong>base S\u00e9curit\u00e9 Sociale<\/strong> de droit commun est <strong>major\u00e9e d\u2019un coefficient forfaitaire de 1,115<\/strong> au titre des indemnit\u00e9s cong\u00e9s.<\/li><\/ul><ul><li>Pour le calcul de la taxe d\u2019apprentissage assise sur les r\u00e9mun\u00e9rations des <strong>intermittents du spectacle<\/strong>, il convient de prendre en compte la <strong>base brute S\u00e9curit\u00e9 Sociale major\u00e9 de 10%<\/strong>. Ces 10% correspondent au versement effectu\u00e9 \u00e0 la caisse des cong\u00e9s spectacle.<\/li><\/ul><p><span style=\"color: #dc7215;\"><strong>Quelles exon\u00e9rations sont applicables \u00e0 la TA\u00a0?<\/strong><\/span><\/p><p>Les petites entreprises qui <strong>emploient un apprenti<\/strong> et dont <strong>la masse salariale mensuelle<\/strong> (correspondant \u00e0 l\u2019assiette des cotisations de S\u00e9curit\u00e9 Sociale) <strong>n\u2019exc\u00e8de pas 6 fois le SMIC<\/strong> <strong>mensuel<\/strong> (1.603,15 E x 6 = 9.618,91 E) sont exon\u00e9r\u00e9es de taxe d\u2019apprentissage au titre du mois M+1.<\/p><p>Les <strong>conditions sont cumulatives<\/strong> et <strong>s\u2019appr\u00e9cient au titre du mois pr\u00e9c\u00e9dent la p\u00e9riode<\/strong> au titre de laquelle la DSN est \u00e9mise.<\/p><p><span style=\"background-color: #dc7200; color: #fff;\"><strong>Exemples<\/strong><\/span><\/p><p>Soit une entreprise pour laquelle on souhaite d\u00e9clarer la taxe d\u2019apprentissage au titre du mois de mars 2022 via la DSN due pour le 15 avril.<\/p><p>En f\u00e9vrier, elle a employ\u00e9 3 salari\u00e9s percevant un brut de 2.000 euros et un apprenti qui a termin\u00e9 son contrat le 28 f\u00e9vrier 2022. Sa r\u00e9mun\u00e9ration brute est de 500 euros.<\/p><p>Les conditions sont bien remplies au titre du mois de f\u00e9vrier\u00a0: masse salariale brute inf\u00e9rieure \u00e0 6 SMIC mensuels + emploi d\u2019un apprenti. Cette entreprise est donc exon\u00e9r\u00e9e de taxe d\u2019apprentissage au titre du mois de mars 2022.<\/p><p>Par contre, elle devra s\u2019acquitter de la taxe au titre du mois d\u2019avril car une des 2 conditions ne sera pas remplie.<\/p><p><span style=\"color: #dc7200;\"><strong>Quels sont les taux de la taxe d&rsquo;apprentissage et les modalit\u00e9s d\u00e9claratives ?<\/strong><\/span><span style=\"color: #dc7200;\"><strong>\u00a0<\/strong><\/span><\/p>\t\t\t\t\t\t\t\t<\/div>\n\t\t\t\t<\/div>\n\t\t\t\t<div class=\"elementor-element elementor-element-d46252c elementor-widget elementor-widget-eae-data-table\" data-id=\"d46252c\" data-element_type=\"widget\" data-widget_type=\"eae-data-table.default\">\n\t\t\t\t<div class=\"elementor-widget-container\">\n\t\t\t\t\t\n\t\t<div class=\"eae-table-container\">\n\t\t\t<div class=\"eae-table-wrapper\">\n\t\t\t\t\t\t\t<div class=\"eae-table-wrap\">\n\t\t\t\t\n\t\t\t\t<table class=\"eae-table\" data-settings=\"{&quot;sort&quot;:false,&quot;search&quot;:false}\">\n\t\t\t\t\t\n\t\t<thead class=\"eae-table-head\">\n\t\t\t\t\t\t<tr class=\"eae-table-row\">\n\t\t\t\n\t\t<th class=\"eae-table__head_column elementor-repeater-item-a1811e5\">\n\t\t\t<div class=\"eae-table__head__wrapper\" style=\"flex-direction: row;\" >\n\t\t\t\t<div class=\"eae-table__head-column-wrapper\">\n\n\t\t\t\t\t\t\t\t\t\t\t\t\t\t\t\t<span class=\"eae-table__column-text\">Les diff\u00e9rents \u00e9l\u00e9ments \u00e0 d\u00e9clarer<\/span>\n\t\t\t\t\t\n\t\t\t\t\t\n\t\t\t\t<\/div>\n\t\t\t\t\t\t\t<\/div>      \n\t\t<\/th>\n\t\t\n\t\t<th class=\"eae-table__head_column elementor-repeater-item-21532bb\">\n\t\t\t<div class=\"eae-table__head__wrapper\" style=\"flex-direction: row;\" >\n\t\t\t\t<div class=\"eae-table__head-column-wrapper\">\n\n\t\t\t\t\t\t\t\t\t\t\t\t\t\t\t\t<span class=\"eae-table__column-text\">Taux de contribution\/Montant<\/span>\n\t\t\t\t\t\n\t\t\t\t\t\n\t\t\t\t<\/div>\n\t\t\t\t\t\t\t<\/div>      \n\t\t<\/th>\n\t\t\n\t\t<th class=\"eae-table__head_column elementor-repeater-item-46cc318\">\n\t\t\t<div class=\"eae-table__head__wrapper\" style=\"flex-direction: row;\" >\n\t\t\t\t<div class=\"eae-table__head-column-wrapper\">\n\n\t\t\t\t\t\t\t\t\t\t\t\t\t\t\t\t<span class=\"eae-table__column-text\">CTP<\/span>\n\t\t\t\t\t\n\t\t\t\t\t\n\t\t\t\t<\/div>\n\t\t\t\t\t\t\t<\/div>      \n\t\t<\/th>\n\t\t\t\t<\/thead> \n\t\t\t\t\t\t\t\t\t\t<tbody class=\"eae-table__body\">\n\t\t\t\t\t\t<tr class=\"eae-table__body-row\">\n\t\t\t\n\t\t<td class=\"eae-table__body_row_column elementor-repeater-item-dc9de75\" colspan=\"1\" rowspan=\"1\">  \n\t\t\t<div class=\"eae-table__body-column-wrapper\">\n\t\t\t<div class=\"eae-table__col-inner\">\t\t\t   \n\t\t\t\t\t\t\t\t\t\t\t<span class=\"eae-table-body__text\">Part principale hors Alsace Moselle<\/span>\n\t\t\t\n\t\t\t\n\t\t\t \n\t\t\t\t\t\t\t<\/div>\t\t\t<\/div>\n\t\t<\/td>\n\n\t\t\n\t\t<td class=\"eae-table__body_row_column elementor-repeater-item-a38acc9\" colspan=\"1\" rowspan=\"1\">  \n\t\t\t<div class=\"eae-table__body-column-wrapper\">\n\t\t\t<div class=\"eae-table__col-inner\">\t\t\t   \n\t\t\t\t\t\t\t\t\t\t\t<span class=\"eae-table-body__text\">0,59%<\/span>\n\t\t\t\n\t\t\t\n\t\t\t \n\t\t\t\t\t\t\t<\/div>\t\t\t<\/div>\n\t\t<\/td>\n\n\t\t\n\t\t<td class=\"eae-table__body_row_column elementor-repeater-item-b93e678\" colspan=\"1\" rowspan=\"1\">  \n\t\t\t<div class=\"eae-table__body-column-wrapper\">\n\t\t\t<div class=\"eae-table__col-inner\">\t\t\t   \n\t\t\t\t\t\t\t\t\t\t\t<span class=\"eae-table-body__text\">992<\/span>\n\t\t\t\n\t\t\t\n\t\t\t \n\t\t\t\t\t\t\t<\/div>\t\t\t<\/div>\n\t\t<\/td>\n\n\t\t\t\t\t<\/tr><tr class=\"eae-table__body-row\">\n\t\t\n\t\t<td class=\"eae-table__body_row_column elementor-repeater-item-190f1a8\" colspan=\"1\" rowspan=\"1\">  \n\t\t\t<div class=\"eae-table__body-column-wrapper\">\n\t\t\t<div class=\"eae-table__col-inner\">\t\t\t   \n\t\t\t\t\t\t\t\t\t\t\t<span class=\"eae-table-body__text\">Part principale Alsace Moselle<\/span>\n\t\t\t\n\t\t\t\n\t\t\t \n\t\t\t\t\t\t\t<\/div>\t\t\t<\/div>\n\t\t<\/td>\n\n\t\t\n\t\t<td class=\"eae-table__body_row_column elementor-repeater-item-76a08d1\" colspan=\"1\" rowspan=\"1\">  \n\t\t\t<div class=\"eae-table__body-column-wrapper\">\n\t\t\t<div class=\"eae-table__col-inner\">\t\t\t   \n\t\t\t\t\t\t\t\t\t\t\t<span class=\"eae-table-body__text\">0,44%<\/span>\n\t\t\t\n\t\t\t\n\t\t\t \n\t\t\t\t\t\t\t<\/div>\t\t\t<\/div>\n\t\t<\/td>\n\n\t\t\n\t\t<td class=\"eae-table__body_row_column elementor-repeater-item-67115e1\" colspan=\"1\" rowspan=\"1\">  \n\t\t\t<div class=\"eae-table__body-column-wrapper\">\n\t\t\t<div class=\"eae-table__col-inner\">\t\t\t   \n\t\t\t\t\t\t\t\t\t\t\t<span class=\"eae-table-body__text\">993<\/span>\n\t\t\t\n\t\t\t\n\t\t\t \n\t\t\t\t\t\t\t<\/div>\t\t\t<\/div>\n\t\t<\/td>\n\n\t\t\t\t\t<\/tr><tr class=\"eae-table__body-row\">\n\t\t\t\t\t<\/tr><tr class=\"eae-table__body-row\">\n\t\t\n\t\t<td class=\"eae-table__body_row_column elementor-repeater-item-7a860b7\" colspan=\"1\" rowspan=\"1\">  \n\t\t\t<div class=\"eae-table__body-column-wrapper\">\n\t\t\t<div class=\"eae-table__col-inner\">\t\t\t   \n\t\t\t\t\t\t\t\t\t\t\t<span class=\"eae-table-body__text\">D\u00e9duction de la part principale  TA<\/span>\n\t\t\t\n\t\t\t\n\t\t\t \n\t\t\t\t\t\t\t<\/div>\t\t\t<\/div>\n\t\t<\/td>\n\n\t\t\n\t\t<td class=\"eae-table__body_row_column elementor-repeater-item-1d61c98\" colspan=\"1\" rowspan=\"1\">  \n\t\t\t<div class=\"eae-table__body-column-wrapper\">\n\t\t\t<div class=\"eae-table__col-inner\">\t\t\t   \n\t\t\t\t\t\t\t\t\t\t\t<span class=\"eae-table-body__text\">Montant<\/span>\n\t\t\t\n\t\t\t\n\t\t\t \n\t\t\t\t\t\t\t<\/div>\t\t\t<\/div>\n\t\t<\/td>\n\n\t\t\n\t\t<td class=\"eae-table__body_row_column elementor-repeater-item-c742114\" colspan=\"1\" rowspan=\"1\">  \n\t\t\t<div class=\"eae-table__body-column-wrapper\">\n\t\t\t<div class=\"eae-table__col-inner\">\t\t\t   \n\t\t\t\t\t\t\t\t\t\t\t<span class=\"eae-table-body__text\">994<\/span>\n\t\t\t\n\t\t\t\n\t\t\t \n\t\t\t\t\t\t\t<\/div>\t\t\t<\/div>\n\t\t<\/td>\n\n\t\t\t\t\t<\/tr><tr class=\"eae-table__body-row\">\n\t\t\n\t\t<td class=\"eae-table__body_row_column elementor-repeater-item-3ae14f1\" colspan=\"1\" rowspan=\"1\">  \n\t\t\t<div class=\"eae-table__body-column-wrapper\">\n\t\t\t<div class=\"eae-table__col-inner\">\t\t\t   \n\t\t\t\t\t\t\t\t\t\t\t<span class=\"eae-table-body__text\">Solde de la TA (hors Alsace Moselle uniquement)<\/span>\n\t\t\t\n\t\t\t\n\t\t\t \n\t\t\t\t\t\t\t<\/div>\t\t\t<\/div>\n\t\t<\/td>\n\n\t\t\n\t\t<td class=\"eae-table__body_row_column elementor-repeater-item-6842032\" colspan=\"1\" rowspan=\"1\">  \n\t\t\t<div class=\"eae-table__body-column-wrapper\">\n\t\t\t<div class=\"eae-table__col-inner\">\t\t\t   \n\t\t\t\t\t\t\t\t\t\t\t<span class=\"eae-table-body__text\">0,09%<\/span>\n\t\t\t\n\t\t\t\n\t\t\t \n\t\t\t\t\t\t\t<\/div>\t\t\t<\/div>\n\t\t<\/td>\n\n\t\t\n\t\t<td class=\"eae-table__body_row_column elementor-repeater-item-c273c32\" colspan=\"1\" rowspan=\"1\">  \n\t\t\t<div class=\"eae-table__body-column-wrapper\">\n\t\t\t<div class=\"eae-table__col-inner\">\t\t\t   \n\t\t\t\t\t\t\t\t\t\t\t<span class=\"eae-table-body__text\">995<\/span>\n\t\t\t\n\t\t\t\n\t\t\t \n\t\t\t\t\t\t\t<\/div>\t\t\t<\/div>\n\t\t<\/td>\n\n\t\t\t\t\t<\/tr><tr class=\"eae-table__body-row\">\n\t\t\t\t\t<\/tr><tr class=\"eae-table__body-row\">\n\t\t\n\t\t<td class=\"eae-table__body_row_column elementor-repeater-item-952d287\" colspan=\"1\" rowspan=\"4\">  \n\t\t\t<div class=\"eae-table__body-column-wrapper\">\n\t\t\t<div class=\"eae-table__col-inner\">\t\t\t   \n\t\t\t\t\t\t\t\t\t\t\t<span class=\"eae-table-body__text\">Exon\u00e9ration mensuelle employeurs d'apprentis si masse salariale &lt; 6 SMIC mensuels<\/span>\n\t\t\t\n\t\t\t\n\t\t\t \n\t\t\t\t\t\t\t<\/div>\t\t\t<\/div>\n\t\t<\/td>\n\n\t\t\n\t\t<td class=\"eae-table__body_row_column elementor-repeater-item-8d318bb\" colspan=\"2\" rowspan=\"1\">  \n\t\t\t<div class=\"eae-table__body-column-wrapper\">\n\t\t\t<div class=\"eae-table__col-inner\">\t\t\t   \n\t\t\t\t\t\t\t\t\t\t\t<span class=\"eae-table-body__text\">Valeur 074 dans bloc cotisations \u00e9tablt<\/span>\n\t\t\t\n\t\t\t\n\t\t\t \n\t\t\t\t\t\t\t<\/div>\t\t\t<\/div>\n\t\t<\/td>\n\n\t\t\t\t\t<\/tbody>\n\t\t\t\t\t\t\t<\/table>\n\t\t\t\t<\/div>\t\t\t\n\t\t\t<\/div>\n\t\t<\/div>\n\n\t\t\t\t\t\t<\/div>\n\t\t\t\t<\/div>\n\t\t\t\t<div class=\"elementor-element elementor-element-34577ff elementor-widget elementor-widget-text-editor\" data-id=\"34577ff\" data-element_type=\"widget\" data-widget_type=\"text-editor.default\">\n\t\t\t\t<div class=\"elementor-widget-container\">\n\t\t\t\t\t\t\t\t\t<p><strong><span style=\"color: #dc7215;\">La part principale<\/span><\/strong><\/p><p>A compter de janvier 2022, la part principale est d\u00e9clar\u00e9e mensuellement.<\/p><p><strong>D\u00e9ductions<\/strong><strong>\u00a0<\/strong><\/p><p>Les entreprises peuvent d\u00e9duire les d\u00e9penses se rapportant \u00e0 leurs CFA internes d\u00fbment identifi\u00e9s ou au financement des offres nouvelles de formation par apprentissage, si celles-ci servent \u00e0 former un ou plusieurs apprentis de l\u2019employeur. (art D. 6241-29 du code du travail)<\/p><p>Ces d\u00e9ductions sont calcul\u00e9es sur la base des d\u00e9penses A-1 et plafonn\u00e9es \u00e0 10% de la part principale de la taxe d\u2019apprentissage A-1. Elles sont dor\u00e9navant d\u00e9clar\u00e9es mensuellement jusqu\u2019\u00e0 \u00e9puisement du droit \u00e0 d\u00e9duction.<\/p><p><strong><span style=\"color: #dc7215;\">La part lib\u00e9ratoire<\/span><\/strong><\/p><p><strong>Hors Alsace-Moselle, les employeurs sont redevables d\u2019un solde de taxe d\u2019apprentissage de 0,09%<\/strong>.<\/p><p>Ce solde est calcul\u00e9 sur la m\u00eame base que la fraction principale et sera vers\u00e9 aux URSSAF <strong>via la DSN d\u2019avril A+1 d\u00e9pos\u00e9e en mai A+1.<\/strong><\/p><p><strong>D\u00e9ductions<\/strong><\/p><p>Les entreprises peuvent d\u00e9duire les subventions en nature vers\u00e9es directement aux CFA sous forme d\u2019\u00e9quipements et de mat\u00e9riels et les versements aux \u00e9coles en faveur des formations initiales technologiques et professionnelles et de l\u2019insertion professionnelle. Jusqu\u2019\u00e0 maintenant ces versements \u00e9taient effectu\u00e9s \u00e0 directement aux \u00e9coles\u00a0; dor\u00e9navant, les entreprises pourront d\u00e9signer les \u00e9tablissements b\u00e9n\u00e9ficiaires via un service d\u00e9mat\u00e9rialis\u00e9 de fl\u00e9chage qui sera mis en place par la Caisse des d\u00e9p\u00f4ts et consignations.<\/p><p><strong><span style=\"color: #dc7215;\">La contribution suppl\u00e9mentaire \u00e0 la taxe d\u2019apprentissage<\/span><\/strong><\/p><p>Les entreprises de plus de 250 salari\u00e9s qui n\u2019ont pas employ\u00e9 au cours de l\u2019ann\u00e9e de salari\u00e9 en contrat d\u2019apprentissage, de professionnalisation ou de doctorants en convention industrielle de formation par la recherche (CIFRE) \u00e0 hauteur de 5% au moins de leur effectif sont redevables d\u2019une contribution suppl\u00e9mentaire.<\/p>\t\t\t\t\t\t\t\t<\/div>\n\t\t\t\t<\/div>\n\t\t\t\t\t<\/div>\n\t\t<\/div>\n\t\t\t\t\t<\/div>\n\t\t<\/section>\n\t\t\t\t<\/div>\n\t\t","protected":false},"excerpt":{"rendered":"<p>Initialement pr\u00e9vu pour 2021, le transfert du recouvrement aux URSSAF (ou MSA) de la contribution \u00e0 la formation, du 1% CPF-CDD et de la taxe d\u2019apprentissage a \u00e9t\u00e9 d\u00e9cal\u00e9 \u00e0 2022. Sur 2022, le transfert concerne les contributions l\u00e9gales \u00e0 la formation professionnelle, la taxe d\u2019apprentissage et sa contribution suppl\u00e9mentaire qui sont dor\u00e9navant d\u00e9clar\u00e9es et pay\u00e9es aux URSSAF et aux MSA.<br \/>\nDans cet article nous vous rappelons les r\u00e8gles d&rsquo;assujettissement, de calcul et les modalit\u00e9s d\u00e9claratives de ces contributions.<\/p>\n","protected":false},"author":2,"featured_media":3617,"comment_status":"closed","ping_status":"closed","sticky":false,"template":"","format":"standard","meta":{"footnotes":""},"categories":[5],"tags":[],"yoast_head":"<!-- This site is optimized with the Yoast SEO Premium plugin v23.5 (Yoast SEO v23.5) - https:\/\/yoast.com\/wordpress\/plugins\/seo\/ -->\n<title>Taxe apprentissage et contribution formation : ce qui change en 2022 &#8226; Sk\u00e9liade<\/title>\n<meta name=\"description\" content=\"Les employeurs doivent dor\u00e9navant verser aux URSSAF et aux MSA les contributions l\u00e9gales de formation professionnelle et taxe d&#039;apprentissage dont ils sont redevables pour les p\u00e9riodes d&#039;emploi effectu\u00e9es depuis le 1er janvier 2022.\" \/>\n<meta name=\"robots\" content=\"index, follow, max-snippet:-1, max-image-preview:large, max-video-preview:-1\" \/>\n<link rel=\"canonical\" href=\"https:\/\/skeliade.fr\/fr\/taxe-dapprentissage-et-formation-professionnelle-ce-qui-change-en-2022\/\" \/>\n<meta property=\"og:locale\" content=\"fr_FR\" \/>\n<meta property=\"og:type\" content=\"article\" \/>\n<meta property=\"og:title\" content=\"Taxe apprentissage et contribution formation : ce qui change en 2022\" \/>\n<meta property=\"og:description\" content=\"Les employeurs doivent dor\u00e9navant verser aux URSSAF et aux MSA les contributions l\u00e9gales de formation professionnelle et taxe d&#039;apprentissage dont ils sont redevables pour les p\u00e9riodes d&#039;emploi effectu\u00e9es depuis le 1er janvier 2022.\" \/>\n<meta property=\"og:url\" content=\"https:\/\/skeliade.fr\/fr\/taxe-dapprentissage-et-formation-professionnelle-ce-qui-change-en-2022\/\" \/>\n<meta property=\"og:site_name\" content=\"Sk\u00e9liade\" \/>\n<meta property=\"article:published_time\" content=\"2022-02-18T10:00:43+00:00\" \/>\n<meta property=\"article:modified_time\" content=\"2022-02-21T15:18:06+00:00\" \/>\n<meta property=\"og:image\" content=\"https:\/\/skeliade.fr\/wp-content\/uploads\/2022\/02\/Zoom-sur.jpg\" \/>\n\t<meta property=\"og:image:width\" content=\"1613\" \/>\n\t<meta property=\"og:image:height\" content=\"1080\" \/>\n\t<meta property=\"og:image:type\" content=\"image\/jpeg\" \/>\n<meta name=\"author\" content=\"Fabienne MAZEAUD\" \/>\n<meta name=\"twitter:card\" content=\"summary_large_image\" \/>\n<meta name=\"twitter:label1\" content=\"\u00c9crit par\" \/>\n\t<meta name=\"twitter:data1\" content=\"Fabienne MAZEAUD\" \/>\n\t<meta name=\"twitter:label2\" content=\"Dur\u00e9e de lecture estim\u00e9e\" \/>\n\t<meta name=\"twitter:data2\" content=\"10 minutes\" \/>\n<script type=\"application\/ld+json\" class=\"yoast-schema-graph\">{\"@context\":\"https:\/\/schema.org\",\"@graph\":[{\"@type\":\"Article\",\"@id\":\"https:\/\/skeliade.fr\/fr\/taxe-dapprentissage-et-formation-professionnelle-ce-qui-change-en-2022\/#article\",\"isPartOf\":{\"@id\":\"https:\/\/skeliade.fr\/fr\/taxe-dapprentissage-et-formation-professionnelle-ce-qui-change-en-2022\/\"},\"author\":{\"name\":\"Fabienne MAZEAUD\",\"@id\":\"\/#\/schema\/person\/55500a1a2459ada4ec58c4aad6e054cb\"},\"headline\":\"Taxe apprentissage et contribution formation : ce qui change en 2022\",\"datePublished\":\"2022-02-18T10:00:43+00:00\",\"dateModified\":\"2022-02-21T15:18:06+00:00\",\"mainEntityOfPage\":{\"@id\":\"https:\/\/skeliade.fr\/fr\/taxe-dapprentissage-et-formation-professionnelle-ce-qui-change-en-2022\/\"},\"wordCount\":2009,\"publisher\":{\"@id\":\"\/#organization\"},\"image\":{\"@id\":\"https:\/\/skeliade.fr\/fr\/taxe-dapprentissage-et-formation-professionnelle-ce-qui-change-en-2022\/#primaryimage\"},\"thumbnailUrl\":\"https:\/\/skeliade.fr\/wp-content\/uploads\/2022\/02\/Zoom-sur.jpg\",\"articleSection\":[\"Actualit\u00e9s\"],\"inLanguage\":\"fr-FR\"},{\"@type\":\"WebPage\",\"@id\":\"https:\/\/skeliade.fr\/fr\/taxe-dapprentissage-et-formation-professionnelle-ce-qui-change-en-2022\/\",\"url\":\"https:\/\/skeliade.fr\/fr\/taxe-dapprentissage-et-formation-professionnelle-ce-qui-change-en-2022\/\",\"name\":\"Taxe apprentissage et contribution formation : ce qui change en 2022 &#8226; Sk\u00e9liade\",\"isPartOf\":{\"@id\":\"\/#website\"},\"primaryImageOfPage\":{\"@id\":\"https:\/\/skeliade.fr\/fr\/taxe-dapprentissage-et-formation-professionnelle-ce-qui-change-en-2022\/#primaryimage\"},\"image\":{\"@id\":\"https:\/\/skeliade.fr\/fr\/taxe-dapprentissage-et-formation-professionnelle-ce-qui-change-en-2022\/#primaryimage\"},\"thumbnailUrl\":\"https:\/\/skeliade.fr\/wp-content\/uploads\/2022\/02\/Zoom-sur.jpg\",\"datePublished\":\"2022-02-18T10:00:43+00:00\",\"dateModified\":\"2022-02-21T15:18:06+00:00\",\"description\":\"Les employeurs doivent dor\u00e9navant verser aux URSSAF et aux MSA les contributions l\u00e9gales de formation professionnelle et taxe d'apprentissage dont ils sont redevables pour les p\u00e9riodes d'emploi effectu\u00e9es depuis le 1er janvier 2022.\",\"breadcrumb\":{\"@id\":\"https:\/\/skeliade.fr\/fr\/taxe-dapprentissage-et-formation-professionnelle-ce-qui-change-en-2022\/#breadcrumb\"},\"inLanguage\":\"fr-FR\",\"potentialAction\":[{\"@type\":\"ReadAction\",\"target\":[\"https:\/\/skeliade.fr\/fr\/taxe-dapprentissage-et-formation-professionnelle-ce-qui-change-en-2022\/\"]}]},{\"@type\":\"ImageObject\",\"inLanguage\":\"fr-FR\",\"@id\":\"https:\/\/skeliade.fr\/fr\/taxe-dapprentissage-et-formation-professionnelle-ce-qui-change-en-2022\/#primaryimage\",\"url\":\"https:\/\/skeliade.fr\/wp-content\/uploads\/2022\/02\/Zoom-sur.jpg\",\"contentUrl\":\"https:\/\/skeliade.fr\/wp-content\/uploads\/2022\/02\/Zoom-sur.jpg\",\"width\":1613,\"height\":1080,\"caption\":\"Taxe apprentissage et contribution formation au 1er janvier 2022\"},{\"@type\":\"BreadcrumbList\",\"@id\":\"https:\/\/skeliade.fr\/fr\/taxe-dapprentissage-et-formation-professionnelle-ce-qui-change-en-2022\/#breadcrumb\",\"itemListElement\":[{\"@type\":\"ListItem\",\"position\":1,\"name\":\"Home\",\"item\":\"https:\/\/skeliade.fr\/fr\/\"},{\"@type\":\"ListItem\",\"position\":2,\"name\":\"Taxe apprentissage et contribution formation : ce qui change en 2022\"}]},{\"@type\":\"WebSite\",\"@id\":\"\/#website\",\"url\":\"\/\",\"name\":\"Sk\u00e9liade\",\"description\":\"Gestion externalis\u00e9e de la paie et du personnel\",\"publisher\":{\"@id\":\"\/#organization\"},\"potentialAction\":[{\"@type\":\"SearchAction\",\"target\":{\"@type\":\"EntryPoint\",\"urlTemplate\":\"\/?s={search_term_string}\"},\"query-input\":{\"@type\":\"PropertyValueSpecification\",\"valueRequired\":true,\"valueName\":\"search_term_string\"}}],\"inLanguage\":\"fr-FR\"},{\"@type\":\"Organization\",\"@id\":\"\/#organization\",\"name\":\"Sk\u00e9liade\",\"url\":\"\/\",\"logo\":{\"@type\":\"ImageObject\",\"inLanguage\":\"fr-FR\",\"@id\":\"\/#\/schema\/logo\/image\/\",\"url\":\"https:\/\/skeliade.fr\/wp-content\/uploads\/2021\/03\/SKELIADE_Logo.png\",\"contentUrl\":\"https:\/\/skeliade.fr\/wp-content\/uploads\/2021\/03\/SKELIADE_Logo.png\",\"width\":500,\"height\":156,\"caption\":\"Sk\u00e9liade\"},\"image\":{\"@id\":\"\/#\/schema\/logo\/image\/\"},\"sameAs\":[\"https:\/\/fr.linkedin.com\/company\/skeliade\"]},{\"@type\":\"Person\",\"@id\":\"\/#\/schema\/person\/55500a1a2459ada4ec58c4aad6e054cb\",\"name\":\"Fabienne MAZEAUD\"}]}<\/script>\n<!-- \/ Yoast SEO Premium plugin. -->","yoast_head_json":{"title":"Taxe apprentissage et contribution formation : ce qui change en 2022 &#8226; Sk\u00e9liade","description":"Les employeurs doivent dor\u00e9navant verser aux URSSAF et aux MSA les contributions l\u00e9gales de formation professionnelle et taxe d'apprentissage dont ils sont redevables pour les p\u00e9riodes d'emploi effectu\u00e9es depuis le 1er janvier 2022.","robots":{"index":"index","follow":"follow","max-snippet":"max-snippet:-1","max-image-preview":"max-image-preview:large","max-video-preview":"max-video-preview:-1"},"canonical":"https:\/\/skeliade.fr\/fr\/taxe-dapprentissage-et-formation-professionnelle-ce-qui-change-en-2022\/","og_locale":"fr_FR","og_type":"article","og_title":"Taxe apprentissage et contribution formation : ce qui change en 2022","og_description":"Les employeurs doivent dor\u00e9navant verser aux URSSAF et aux MSA les contributions l\u00e9gales de formation professionnelle et taxe d'apprentissage dont ils sont redevables pour les p\u00e9riodes d'emploi effectu\u00e9es depuis le 1er janvier 2022.","og_url":"https:\/\/skeliade.fr\/fr\/taxe-dapprentissage-et-formation-professionnelle-ce-qui-change-en-2022\/","og_site_name":"Sk\u00e9liade","article_published_time":"2022-02-18T10:00:43+00:00","article_modified_time":"2022-02-21T15:18:06+00:00","og_image":[{"width":1613,"height":1080,"url":"https:\/\/skeliade.fr\/wp-content\/uploads\/2022\/02\/Zoom-sur.jpg","type":"image\/jpeg"}],"author":"Fabienne MAZEAUD","twitter_card":"summary_large_image","twitter_misc":{"\u00c9crit par":"Fabienne MAZEAUD","Dur\u00e9e de lecture estim\u00e9e":"10 minutes"},"schema":{"@context":"https:\/\/schema.org","@graph":[{"@type":"Article","@id":"https:\/\/skeliade.fr\/fr\/taxe-dapprentissage-et-formation-professionnelle-ce-qui-change-en-2022\/#article","isPartOf":{"@id":"https:\/\/skeliade.fr\/fr\/taxe-dapprentissage-et-formation-professionnelle-ce-qui-change-en-2022\/"},"author":{"name":"Fabienne MAZEAUD","@id":"\/#\/schema\/person\/55500a1a2459ada4ec58c4aad6e054cb"},"headline":"Taxe apprentissage et contribution formation : ce qui change en 2022","datePublished":"2022-02-18T10:00:43+00:00","dateModified":"2022-02-21T15:18:06+00:00","mainEntityOfPage":{"@id":"https:\/\/skeliade.fr\/fr\/taxe-dapprentissage-et-formation-professionnelle-ce-qui-change-en-2022\/"},"wordCount":2009,"publisher":{"@id":"\/#organization"},"image":{"@id":"https:\/\/skeliade.fr\/fr\/taxe-dapprentissage-et-formation-professionnelle-ce-qui-change-en-2022\/#primaryimage"},"thumbnailUrl":"https:\/\/skeliade.fr\/wp-content\/uploads\/2022\/02\/Zoom-sur.jpg","articleSection":["Actualit\u00e9s"],"inLanguage":"fr-FR"},{"@type":"WebPage","@id":"https:\/\/skeliade.fr\/fr\/taxe-dapprentissage-et-formation-professionnelle-ce-qui-change-en-2022\/","url":"https:\/\/skeliade.fr\/fr\/taxe-dapprentissage-et-formation-professionnelle-ce-qui-change-en-2022\/","name":"Taxe apprentissage et contribution formation : ce qui change en 2022 &#8226; Sk\u00e9liade","isPartOf":{"@id":"\/#website"},"primaryImageOfPage":{"@id":"https:\/\/skeliade.fr\/fr\/taxe-dapprentissage-et-formation-professionnelle-ce-qui-change-en-2022\/#primaryimage"},"image":{"@id":"https:\/\/skeliade.fr\/fr\/taxe-dapprentissage-et-formation-professionnelle-ce-qui-change-en-2022\/#primaryimage"},"thumbnailUrl":"https:\/\/skeliade.fr\/wp-content\/uploads\/2022\/02\/Zoom-sur.jpg","datePublished":"2022-02-18T10:00:43+00:00","dateModified":"2022-02-21T15:18:06+00:00","description":"Les employeurs doivent dor\u00e9navant verser aux URSSAF et aux MSA les contributions l\u00e9gales de formation professionnelle et taxe d'apprentissage dont ils sont redevables pour les p\u00e9riodes d'emploi effectu\u00e9es depuis le 1er janvier 2022.","breadcrumb":{"@id":"https:\/\/skeliade.fr\/fr\/taxe-dapprentissage-et-formation-professionnelle-ce-qui-change-en-2022\/#breadcrumb"},"inLanguage":"fr-FR","potentialAction":[{"@type":"ReadAction","target":["https:\/\/skeliade.fr\/fr\/taxe-dapprentissage-et-formation-professionnelle-ce-qui-change-en-2022\/"]}]},{"@type":"ImageObject","inLanguage":"fr-FR","@id":"https:\/\/skeliade.fr\/fr\/taxe-dapprentissage-et-formation-professionnelle-ce-qui-change-en-2022\/#primaryimage","url":"https:\/\/skeliade.fr\/wp-content\/uploads\/2022\/02\/Zoom-sur.jpg","contentUrl":"https:\/\/skeliade.fr\/wp-content\/uploads\/2022\/02\/Zoom-sur.jpg","width":1613,"height":1080,"caption":"Taxe apprentissage et contribution formation au 1er janvier 2022"},{"@type":"BreadcrumbList","@id":"https:\/\/skeliade.fr\/fr\/taxe-dapprentissage-et-formation-professionnelle-ce-qui-change-en-2022\/#breadcrumb","itemListElement":[{"@type":"ListItem","position":1,"name":"Home","item":"https:\/\/skeliade.fr\/fr\/"},{"@type":"ListItem","position":2,"name":"Taxe apprentissage et contribution formation : ce qui change en 2022"}]},{"@type":"WebSite","@id":"\/#website","url":"\/","name":"Sk\u00e9liade","description":"Gestion externalis\u00e9e de la paie et du personnel","publisher":{"@id":"\/#organization"},"potentialAction":[{"@type":"SearchAction","target":{"@type":"EntryPoint","urlTemplate":"\/?s={search_term_string}"},"query-input":{"@type":"PropertyValueSpecification","valueRequired":true,"valueName":"search_term_string"}}],"inLanguage":"fr-FR"},{"@type":"Organization","@id":"\/#organization","name":"Sk\u00e9liade","url":"\/","logo":{"@type":"ImageObject","inLanguage":"fr-FR","@id":"\/#\/schema\/logo\/image\/","url":"https:\/\/skeliade.fr\/wp-content\/uploads\/2021\/03\/SKELIADE_Logo.png","contentUrl":"https:\/\/skeliade.fr\/wp-content\/uploads\/2021\/03\/SKELIADE_Logo.png","width":500,"height":156,"caption":"Sk\u00e9liade"},"image":{"@id":"\/#\/schema\/logo\/image\/"},"sameAs":["https:\/\/fr.linkedin.com\/company\/skeliade"]},{"@type":"Person","@id":"\/#\/schema\/person\/55500a1a2459ada4ec58c4aad6e054cb","name":"Fabienne MAZEAUD"}]}},"_links":{"self":[{"href":"https:\/\/skeliade.fr\/fr\/wp-json\/wp\/v2\/posts\/3616"}],"collection":[{"href":"https:\/\/skeliade.fr\/fr\/wp-json\/wp\/v2\/posts"}],"about":[{"href":"https:\/\/skeliade.fr\/fr\/wp-json\/wp\/v2\/types\/post"}],"author":[{"embeddable":true,"href":"https:\/\/skeliade.fr\/fr\/wp-json\/wp\/v2\/users\/2"}],"replies":[{"embeddable":true,"href":"https:\/\/skeliade.fr\/fr\/wp-json\/wp\/v2\/comments?post=3616"}],"version-history":[{"count":106,"href":"https:\/\/skeliade.fr\/fr\/wp-json\/wp\/v2\/posts\/3616\/revisions"}],"predecessor-version":[{"id":3777,"href":"https:\/\/skeliade.fr\/fr\/wp-json\/wp\/v2\/posts\/3616\/revisions\/3777"}],"wp:featuredmedia":[{"embeddable":true,"href":"https:\/\/skeliade.fr\/fr\/wp-json\/wp\/v2\/media\/3617"}],"wp:attachment":[{"href":"https:\/\/skeliade.fr\/fr\/wp-json\/wp\/v2\/media?parent=3616"}],"wp:term":[{"taxonomy":"category","embeddable":true,"href":"https:\/\/skeliade.fr\/fr\/wp-json\/wp\/v2\/categories?post=3616"},{"taxonomy":"post_tag","embeddable":true,"href":"https:\/\/skeliade.fr\/fr\/wp-json\/wp\/v2\/tags?post=3616"}],"curies":[{"name":"wp","href":"https:\/\/api.w.org\/{rel}","templated":true}]}}