{"id":1,"date":"2021-06-14T15:28:05","date_gmt":"2021-06-14T13:28:05","guid":{"rendered":"http:\/\/skeliade.fr\/?p=1"},"modified":"2021-12-10T11:33:27","modified_gmt":"2021-12-10T10:33:27","slug":"conge-paternite-allonge-a-partir-du-1er-juillet-2021","status":"publish","type":"post","link":"https:\/\/skeliade.fr\/fr\/conge-paternite-allonge-a-partir-du-1er-juillet-2021\/","title":{"rendered":"Cong\u00e9 paternit\u00e9 allong\u00e9 \u00e0 partir du 1<sup>er<\/sup> juillet 2021"},"content":{"rendered":"\t\t<div data-elementor-type=\"wp-post\" data-elementor-id=\"1\" class=\"elementor elementor-1\">\n\t\t\t\t\t\t<section class=\"elementor-section elementor-top-section elementor-element elementor-element-7b4474b7 elementor-section-boxed elementor-section-height-default elementor-section-height-default parallax_section_no qode_elementor_container_no\" data-id=\"7b4474b7\" data-element_type=\"section\">\n\t\t\t\t\t\t<div class=\"elementor-container elementor-column-gap-default\">\n\t\t\t\t\t<div class=\"elementor-column elementor-col-50 elementor-top-column elementor-element elementor-element-706b1f5\" data-id=\"706b1f5\" data-element_type=\"column\">\n\t\t\t<div class=\"elementor-widget-wrap elementor-element-populated\">\n\t\t\t\t\t\t<div class=\"elementor-element elementor-element-c34f3e2 elementor-widget elementor-widget-image\" data-id=\"c34f3e2\" data-element_type=\"widget\" data-widget_type=\"image.default\">\n\t\t\t\t<div class=\"elementor-widget-container\">\n\t\t\t\t\t\t\t\t\t\t\t\t\t\t\t<img fetchpriority=\"high\" decoding=\"async\" width=\"1024\" height=\"534\" src=\"https:\/\/skeliade.fr\/wp-content\/uploads\/2021\/02\/Conge-paternite-1024x534.jpg\" class=\"attachment-large size-large wp-image-1557\" alt=\"Cong\u00e9 paternit\u00e9\" srcset=\"https:\/\/skeliade.fr\/wp-content\/uploads\/2021\/02\/Conge-paternite-1024x534.jpg 1024w, https:\/\/skeliade.fr\/wp-content\/uploads\/2021\/02\/Conge-paternite-300x156.jpg 300w, https:\/\/skeliade.fr\/wp-content\/uploads\/2021\/02\/Conge-paternite-768x400.jpg 768w, https:\/\/skeliade.fr\/wp-content\/uploads\/2021\/02\/Conge-paternite-1536x800.jpg 1536w, https:\/\/skeliade.fr\/wp-content\/uploads\/2021\/02\/Conge-paternite-2048x1067.jpg 2048w, https:\/\/skeliade.fr\/wp-content\/uploads\/2021\/02\/Conge-paternite-700x365.jpg 700w\" sizes=\"(max-width: 1024px) 100vw, 1024px\" \/>\t\t\t\t\t\t\t\t\t\t\t\t\t\t\t<\/div>\n\t\t\t\t<\/div>\n\t\t\t\t\t<\/div>\n\t\t<\/div>\n\t\t\t\t<div class=\"elementor-column elementor-col-50 elementor-top-column elementor-element elementor-element-154018a1\" data-id=\"154018a1\" data-element_type=\"column\">\n\t\t\t<div class=\"elementor-widget-wrap elementor-element-populated\">\n\t\t\t\t\t\t<div class=\"elementor-element elementor-element-12ca747d elementor-widget elementor-widget-text-editor\" data-id=\"12ca747d\" data-element_type=\"widget\" data-widget_type=\"text-editor.default\">\n\t\t\t\t<div class=\"elementor-widget-container\">\n\t\t\t\t\t\t\t\t\t<p><strong>\u00c0 compter du 1<sup>er<\/sup> juillet, le cong\u00e9 paternit\u00e9 est allong\u00e9 et assorti d\u2019une p\u00e9riode obligatoire de 4 jours.<\/strong><\/p><p><strong>Le salari\u00e9 pourra fractionner le cong\u00e9 et le prendre en plusieurs fois.<\/strong><\/p>\t\t\t\t\t\t\t\t<\/div>\n\t\t\t\t<\/div>\n\t\t\t\t\t<\/div>\n\t\t<\/div>\n\t\t\t\t\t<\/div>\n\t\t<\/section>\n\t\t\t\t<section class=\"elementor-section elementor-top-section elementor-element elementor-element-e7f8511 elementor-section-boxed elementor-section-height-default elementor-section-height-default parallax_section_no qode_elementor_container_no\" data-id=\"e7f8511\" data-element_type=\"section\">\n\t\t\t\t\t\t<div class=\"elementor-container elementor-column-gap-default\">\n\t\t\t\t\t<div class=\"elementor-column elementor-col-100 elementor-top-column elementor-element elementor-element-751b7ff\" data-id=\"751b7ff\" data-element_type=\"column\">\n\t\t\t<div class=\"elementor-widget-wrap elementor-element-populated\">\n\t\t\t\t\t\t<div class=\"elementor-element elementor-element-3b9eebd elementor-widget elementor-widget-text-editor\" data-id=\"3b9eebd\" data-element_type=\"widget\" data-widget_type=\"text-editor.default\">\n\t\t\t\t<div class=\"elementor-widget-container\">\n\t\t\t\t\t\t\t\t\t<h3>Dur\u00e9e<\/h3><p>Le cong\u00e9 du p\u00e8re (ou conjoint\/concubin\/partenaire pacs\u00e9 de la m\u00e8re) passe, \u00e0 compter du 1<sup>er<\/sup> juillet 2021, de 11 \u00e0 25 jours calendaires pour les naissances simples, de 18 \u00e0 32 jours calendaires pour les naissances multiples dont<\/p><ul style=\"padding-left: 35px;\"><li>une partie obligatoire (4 jours) \u00e0 prendre \u00e0 la naissance<\/li><li>une partie facultative \u00e0 prendre dans les 6 mois de la naissance (au lieu de 4 auparavant)<\/li><\/ul><p><strong><span style=\"background-color: #ff732e; color: #fff;\">\u00c0 noter :<\/span><\/strong> la r\u00e9forme du cong\u00e9 paternit\u00e9 concerne les naissances \u00e0 partir du 1<sup>er<\/sup> juillet 2021, ainsi que celles survenues avant, mais qui \u00e9taient initialement pr\u00e9vues \u00e0 partir de cette date.<\/p><h3>\u00a0<\/h3><h3>4 jours obligatoires sauf en l\u2019absence de droit aux IJSS<\/h3><p>Le salari\u00e9 <strong><u>est tenu<\/u><\/strong> de prendre 4 jours calendaires cons\u00e9cutifs <strong><u>tout de suite<\/u><\/strong> apr\u00e8s le cong\u00e9 naissance (3 jours ouvrables sauf accord plus favorable).\u00a0Pendant ces 7 jours, l\u2019entreprise a l\u2019interdiction d\u2019employer le salari\u00e9, sauf si le droit aux IJSS paternit\u00e9 n\u2019est pas ouvert.\u00a0En pratique, le salari\u00e9 doit donc b\u00e9n\u00e9ficier d\u2019un cong\u00e9 minimal de 7 jours (3 ouvrables et 4 calendaires).<\/p><p><strong><span style=\"background-color: #ff732e; color: #fff;\">\u00c0 noter :<\/span><\/strong> \u00e0 compter du 1<sup>er<\/sup> juillet, le cong\u00e9 naissance devra \u00eatre pris, au choix du salari\u00e9, le jour de la naissance de l\u2019enfant ou le 1<sup>er<\/sup>jour ouvrable suivant.\u00a0Si, lors de la naissance, le salari\u00e9 est en cong\u00e9s, le cong\u00e9 de naissance d\u00e9butera \u00e0 l\u2019issue de ce cong\u00e9.<\/p><p>Par ailleurs, le cong\u00e9 naissance sera \u00e9largi aux m\u00eames b\u00e9n\u00e9ficiaires que le cong\u00e9 paternit\u00e9 (p\u00e8re de l\u2019enfant mais aussi conjoint\/concubin\/partenaire pacs\u00e9 de la m\u00e8re).<\/p><h3>21 jours (ou 28 jours) non obligatoires<\/h3><p>La 2<sup>\u00e8me<\/sup> partie du cong\u00e9 paternit\u00e9 doit \u00eatre prise dans le 6 mois de la naissance et peut \u00eatre fractionn\u00e9e en 2 p\u00e9riodes d\u2019au moins 5 jours calendaires chacune.<\/p><p>Le salari\u00e9 informe l\u2019employeur au moins 1 mois \u00e0 l\u2019avance<\/p><ul style=\"padding-left: 35px;\"><li>de la date pr\u00e9visionnelle de l\u2019accouchement<\/li><li>des dates de prise de la ou les p\u00e9riodes facultatives<\/li><\/ul><p>En cas de naissance de l\u2019enfant avant la date pr\u00e9visionnelle d\u2019accouchement et lorsque le salari\u00e9 souhaite d\u00e9buter la ou les p\u00e9riodes de cong\u00e9 au cours du mois suivant l\u2019accouchement, il en informe sans d\u00e9lai son employeur.<\/p><h3>R\u00e9mun\u00e9ration du cong\u00e9 paternit\u00e9<\/h3><p>Le salari\u00e9 qui prend son cong\u00e9 paternit\u00e9 b\u00e9n\u00e9ficie des IJSS paternit\u00e9 dans la limite de la dur\u00e9e totale du cong\u00e9 (IJ paternit\u00e9 = salaires des 3 derniers mois qui pr\u00e9c\u00e8dent le cong\u00e9 pris en compte dans la limite du plafond mensuel SS (3.428 E) \/ 91,25 J x 79%)<\/p><p><strong><span style=\"background-color: #ff732e; color: #fff;\">\u00c0 noter :<\/span><\/strong> la prise de la fraction obligatoire des 4 jours est une condition du droit aux IJSS paternit\u00e9.<\/p><p>Si la r\u00e9mun\u00e9ration du salari\u00e9 d\u00e9passe le plafond, l\u2019employeur n\u2019a pas \u00e0 compl\u00e9ter les IJSS pour maintenir le salaire pendant le cong\u00e9 paternit\u00e9, sauf dispositions conventionnelles,\u00a0accord collectif ou usage plus avantageux.<\/p><h3>Statut du salari\u00e9<\/h3><p>Le contrat de travail est suspendu pendant toute la dur\u00e9e du cong\u00e9 de paternit\u00e9. Le cong\u00e9 paternit\u00e9 est assimil\u00e9 \u00e0 du travail effectif pour l\u2019acquisition des cong\u00e9s pay\u00e9s, des droits au CPF.<\/p><p>A l\u2019inverse du cong\u00e9 maternit\u00e9, il n\u2019est pas pr\u00e9vu que la p\u00e9riode de cong\u00e9 de paternit\u00e9 et d\u2019accueil de l\u2019enfant soit prise en compte pour le calcul des droits que le salari\u00e9 tient de son anciennet\u00e9, en particulier pour le calcul de l\u2019int\u00e9ressement\u00a0 et de la participation.<\/p>\t\t\t\t\t\t\t\t<\/div>\n\t\t\t\t<\/div>\n\t\t\t\t\t<\/div>\n\t\t<\/div>\n\t\t\t\t\t<\/div>\n\t\t<\/section>\n\t\t\t\t<\/div>\n\t\t","protected":false},"excerpt":{"rendered":"<p>\u00c0 compter du 1<sup>er<\/sup> juillet 2021, le cong\u00e9 paternit\u00e9 est allong\u00e9 et assorti d\u2019une p\u00e9riode obligatoire de 4 jours. Le salari\u00e9 pourra fractionner le cong\u00e9 et le prendre en plusieurs fois.<\/p>\n","protected":false},"author":1,"featured_media":1557,"comment_status":"closed","ping_status":"closed","sticky":false,"template":"","format":"standard","meta":{"footnotes":""},"categories":[5],"tags":[],"yoast_head":"<!-- This site is optimized with the Yoast SEO Premium plugin v23.5 (Yoast SEO v23.5) - https:\/\/yoast.com\/wordpress\/plugins\/seo\/ -->\n<title>Cong\u00e9 paternit\u00e9 allong\u00e9 \u00e0 partir du 1er juillet 2021 &#8226; Sk\u00e9liade<\/title>\n<meta name=\"description\" content=\"Le cong\u00e9 paternit\u00e9 est allong\u00e9 et assorti d\u2019une p\u00e9riode obligatoire de 4 jours. Le salari\u00e9 pourra fractionner le cong\u00e9 et le prendre en plusieurs fois.\" \/>\n<meta name=\"robots\" content=\"index, follow, max-snippet:-1, max-image-preview:large, max-video-preview:-1\" \/>\n<link rel=\"canonical\" href=\"https:\/\/skeliade.fr\/fr\/conge-paternite-allonge-a-partir-du-1er-juillet-2021\/\" \/>\n<meta property=\"og:locale\" content=\"fr_FR\" \/>\n<meta property=\"og:type\" content=\"article\" \/>\n<meta property=\"og:title\" content=\"Cong\u00e9 paternit\u00e9 allong\u00e9 \u00e0 partir du 1er juillet 2021\" \/>\n<meta property=\"og:description\" content=\"Le cong\u00e9 paternit\u00e9 est allong\u00e9 et assorti d\u2019une p\u00e9riode obligatoire de 4 jours. Le salari\u00e9 pourra fractionner le cong\u00e9 et le prendre en plusieurs fois.\" \/>\n<meta property=\"og:url\" content=\"https:\/\/skeliade.fr\/fr\/conge-paternite-allonge-a-partir-du-1er-juillet-2021\/\" \/>\n<meta property=\"og:site_name\" content=\"Sk\u00e9liade\" \/>\n<meta property=\"article:published_time\" content=\"2021-06-14T13:28:05+00:00\" \/>\n<meta property=\"article:modified_time\" content=\"2021-12-10T10:33:27+00:00\" \/>\n<meta property=\"og:image\" content=\"https:\/\/skeliade.fr\/wp-content\/uploads\/2021\/02\/Conge-paternite.jpg\" \/>\n\t<meta property=\"og:image:width\" content=\"2326\" \/>\n\t<meta property=\"og:image:height\" content=\"1212\" \/>\n\t<meta property=\"og:image:type\" content=\"image\/jpeg\" \/>\n<meta name=\"author\" content=\"Admin260221\" \/>\n<meta name=\"twitter:card\" content=\"summary_large_image\" \/>\n<meta name=\"twitter:label1\" content=\"\u00c9crit par\" \/>\n\t<meta name=\"twitter:data1\" content=\"Admin260221\" \/>\n\t<meta name=\"twitter:label2\" content=\"Dur\u00e9e de lecture estim\u00e9e\" \/>\n\t<meta name=\"twitter:data2\" content=\"3 minutes\" \/>\n<script type=\"application\/ld+json\" class=\"yoast-schema-graph\">{\"@context\":\"https:\/\/schema.org\",\"@graph\":[{\"@type\":\"Article\",\"@id\":\"https:\/\/skeliade.fr\/fr\/conge-paternite-allonge-a-partir-du-1er-juillet-2021\/#article\",\"isPartOf\":{\"@id\":\"https:\/\/skeliade.fr\/fr\/conge-paternite-allonge-a-partir-du-1er-juillet-2021\/\"},\"author\":{\"name\":\"Admin260221\",\"@id\":\"\/#\/schema\/person\/b417ad2695504a78aebdcb76a86cf271\"},\"headline\":\"Cong\u00e9 paternit\u00e9 allong\u00e9 \u00e0 partir du 1er juillet 2021\",\"datePublished\":\"2021-06-14T13:28:05+00:00\",\"dateModified\":\"2021-12-10T10:33:27+00:00\",\"mainEntityOfPage\":{\"@id\":\"https:\/\/skeliade.fr\/fr\/conge-paternite-allonge-a-partir-du-1er-juillet-2021\/\"},\"wordCount\":587,\"publisher\":{\"@id\":\"\/#organization\"},\"image\":{\"@id\":\"https:\/\/skeliade.fr\/fr\/conge-paternite-allonge-a-partir-du-1er-juillet-2021\/#primaryimage\"},\"thumbnailUrl\":\"https:\/\/skeliade.fr\/wp-content\/uploads\/2021\/02\/Conge-paternite.jpg\",\"articleSection\":[\"Actualit\u00e9s\"],\"inLanguage\":\"fr-FR\"},{\"@type\":\"WebPage\",\"@id\":\"https:\/\/skeliade.fr\/fr\/conge-paternite-allonge-a-partir-du-1er-juillet-2021\/\",\"url\":\"https:\/\/skeliade.fr\/fr\/conge-paternite-allonge-a-partir-du-1er-juillet-2021\/\",\"name\":\"Cong\u00e9 paternit\u00e9 allong\u00e9 \u00e0 partir du 1er juillet 2021 &#8226; Sk\u00e9liade\",\"isPartOf\":{\"@id\":\"\/#website\"},\"primaryImageOfPage\":{\"@id\":\"https:\/\/skeliade.fr\/fr\/conge-paternite-allonge-a-partir-du-1er-juillet-2021\/#primaryimage\"},\"image\":{\"@id\":\"https:\/\/skeliade.fr\/fr\/conge-paternite-allonge-a-partir-du-1er-juillet-2021\/#primaryimage\"},\"thumbnailUrl\":\"https:\/\/skeliade.fr\/wp-content\/uploads\/2021\/02\/Conge-paternite.jpg\",\"datePublished\":\"2021-06-14T13:28:05+00:00\",\"dateModified\":\"2021-12-10T10:33:27+00:00\",\"description\":\"Le cong\u00e9 paternit\u00e9 est allong\u00e9 et assorti d\u2019une p\u00e9riode obligatoire de 4 jours. Le salari\u00e9 pourra fractionner le cong\u00e9 et le prendre en plusieurs fois.\",\"breadcrumb\":{\"@id\":\"https:\/\/skeliade.fr\/fr\/conge-paternite-allonge-a-partir-du-1er-juillet-2021\/#breadcrumb\"},\"inLanguage\":\"fr-FR\",\"potentialAction\":[{\"@type\":\"ReadAction\",\"target\":[\"https:\/\/skeliade.fr\/fr\/conge-paternite-allonge-a-partir-du-1er-juillet-2021\/\"]}]},{\"@type\":\"ImageObject\",\"inLanguage\":\"fr-FR\",\"@id\":\"https:\/\/skeliade.fr\/fr\/conge-paternite-allonge-a-partir-du-1er-juillet-2021\/#primaryimage\",\"url\":\"https:\/\/skeliade.fr\/wp-content\/uploads\/2021\/02\/Conge-paternite.jpg\",\"contentUrl\":\"https:\/\/skeliade.fr\/wp-content\/uploads\/2021\/02\/Conge-paternite.jpg\",\"width\":2326,\"height\":1212,\"caption\":\"Cong\u00e9 paternit\u00e9\"},{\"@type\":\"BreadcrumbList\",\"@id\":\"https:\/\/skeliade.fr\/fr\/conge-paternite-allonge-a-partir-du-1er-juillet-2021\/#breadcrumb\",\"itemListElement\":[{\"@type\":\"ListItem\",\"position\":1,\"name\":\"Home\",\"item\":\"https:\/\/skeliade.fr\/fr\/\"},{\"@type\":\"ListItem\",\"position\":2,\"name\":\"Cong\u00e9 paternit\u00e9 allong\u00e9 \u00e0 partir du 1er juillet 2021\"}]},{\"@type\":\"WebSite\",\"@id\":\"\/#website\",\"url\":\"\/\",\"name\":\"Sk\u00e9liade\",\"description\":\"Gestion externalis\u00e9e de la paie et du personnel\",\"publisher\":{\"@id\":\"\/#organization\"},\"potentialAction\":[{\"@type\":\"SearchAction\",\"target\":{\"@type\":\"EntryPoint\",\"urlTemplate\":\"\/?s={search_term_string}\"},\"query-input\":{\"@type\":\"PropertyValueSpecification\",\"valueRequired\":true,\"valueName\":\"search_term_string\"}}],\"inLanguage\":\"fr-FR\"},{\"@type\":\"Organization\",\"@id\":\"\/#organization\",\"name\":\"Sk\u00e9liade\",\"url\":\"\/\",\"logo\":{\"@type\":\"ImageObject\",\"inLanguage\":\"fr-FR\",\"@id\":\"\/#\/schema\/logo\/image\/\",\"url\":\"https:\/\/skeliade.fr\/wp-content\/uploads\/2021\/03\/SKELIADE_Logo.png\",\"contentUrl\":\"https:\/\/skeliade.fr\/wp-content\/uploads\/2021\/03\/SKELIADE_Logo.png\",\"width\":500,\"height\":156,\"caption\":\"Sk\u00e9liade\"},\"image\":{\"@id\":\"\/#\/schema\/logo\/image\/\"},\"sameAs\":[\"https:\/\/fr.linkedin.com\/company\/skeliade\"]},{\"@type\":\"Person\",\"@id\":\"\/#\/schema\/person\/b417ad2695504a78aebdcb76a86cf271\",\"name\":\"Admin260221\",\"sameAs\":[\"http:\/\/skeliade.fr\"]}]}<\/script>\n<!-- \/ Yoast SEO Premium plugin. -->","yoast_head_json":{"title":"Cong\u00e9 paternit\u00e9 allong\u00e9 \u00e0 partir du 1er juillet 2021 &#8226; Sk\u00e9liade","description":"Le cong\u00e9 paternit\u00e9 est allong\u00e9 et assorti d\u2019une p\u00e9riode obligatoire de 4 jours. Le salari\u00e9 pourra fractionner le cong\u00e9 et le prendre en plusieurs fois.","robots":{"index":"index","follow":"follow","max-snippet":"max-snippet:-1","max-image-preview":"max-image-preview:large","max-video-preview":"max-video-preview:-1"},"canonical":"https:\/\/skeliade.fr\/fr\/conge-paternite-allonge-a-partir-du-1er-juillet-2021\/","og_locale":"fr_FR","og_type":"article","og_title":"Cong\u00e9 paternit\u00e9 allong\u00e9 \u00e0 partir du 1er juillet 2021","og_description":"Le cong\u00e9 paternit\u00e9 est allong\u00e9 et assorti d\u2019une p\u00e9riode obligatoire de 4 jours. Le salari\u00e9 pourra fractionner le cong\u00e9 et le prendre en plusieurs fois.","og_url":"https:\/\/skeliade.fr\/fr\/conge-paternite-allonge-a-partir-du-1er-juillet-2021\/","og_site_name":"Sk\u00e9liade","article_published_time":"2021-06-14T13:28:05+00:00","article_modified_time":"2021-12-10T10:33:27+00:00","og_image":[{"width":2326,"height":1212,"url":"https:\/\/skeliade.fr\/wp-content\/uploads\/2021\/02\/Conge-paternite.jpg","type":"image\/jpeg"}],"author":"Admin260221","twitter_card":"summary_large_image","twitter_misc":{"\u00c9crit par":"Admin260221","Dur\u00e9e de lecture estim\u00e9e":"3 minutes"},"schema":{"@context":"https:\/\/schema.org","@graph":[{"@type":"Article","@id":"https:\/\/skeliade.fr\/fr\/conge-paternite-allonge-a-partir-du-1er-juillet-2021\/#article","isPartOf":{"@id":"https:\/\/skeliade.fr\/fr\/conge-paternite-allonge-a-partir-du-1er-juillet-2021\/"},"author":{"name":"Admin260221","@id":"\/#\/schema\/person\/b417ad2695504a78aebdcb76a86cf271"},"headline":"Cong\u00e9 paternit\u00e9 allong\u00e9 \u00e0 partir du 1er juillet 2021","datePublished":"2021-06-14T13:28:05+00:00","dateModified":"2021-12-10T10:33:27+00:00","mainEntityOfPage":{"@id":"https:\/\/skeliade.fr\/fr\/conge-paternite-allonge-a-partir-du-1er-juillet-2021\/"},"wordCount":587,"publisher":{"@id":"\/#organization"},"image":{"@id":"https:\/\/skeliade.fr\/fr\/conge-paternite-allonge-a-partir-du-1er-juillet-2021\/#primaryimage"},"thumbnailUrl":"https:\/\/skeliade.fr\/wp-content\/uploads\/2021\/02\/Conge-paternite.jpg","articleSection":["Actualit\u00e9s"],"inLanguage":"fr-FR"},{"@type":"WebPage","@id":"https:\/\/skeliade.fr\/fr\/conge-paternite-allonge-a-partir-du-1er-juillet-2021\/","url":"https:\/\/skeliade.fr\/fr\/conge-paternite-allonge-a-partir-du-1er-juillet-2021\/","name":"Cong\u00e9 paternit\u00e9 allong\u00e9 \u00e0 partir du 1er juillet 2021 &#8226; Sk\u00e9liade","isPartOf":{"@id":"\/#website"},"primaryImageOfPage":{"@id":"https:\/\/skeliade.fr\/fr\/conge-paternite-allonge-a-partir-du-1er-juillet-2021\/#primaryimage"},"image":{"@id":"https:\/\/skeliade.fr\/fr\/conge-paternite-allonge-a-partir-du-1er-juillet-2021\/#primaryimage"},"thumbnailUrl":"https:\/\/skeliade.fr\/wp-content\/uploads\/2021\/02\/Conge-paternite.jpg","datePublished":"2021-06-14T13:28:05+00:00","dateModified":"2021-12-10T10:33:27+00:00","description":"Le cong\u00e9 paternit\u00e9 est allong\u00e9 et assorti d\u2019une p\u00e9riode obligatoire de 4 jours. Le salari\u00e9 pourra fractionner le cong\u00e9 et le prendre en plusieurs fois.","breadcrumb":{"@id":"https:\/\/skeliade.fr\/fr\/conge-paternite-allonge-a-partir-du-1er-juillet-2021\/#breadcrumb"},"inLanguage":"fr-FR","potentialAction":[{"@type":"ReadAction","target":["https:\/\/skeliade.fr\/fr\/conge-paternite-allonge-a-partir-du-1er-juillet-2021\/"]}]},{"@type":"ImageObject","inLanguage":"fr-FR","@id":"https:\/\/skeliade.fr\/fr\/conge-paternite-allonge-a-partir-du-1er-juillet-2021\/#primaryimage","url":"https:\/\/skeliade.fr\/wp-content\/uploads\/2021\/02\/Conge-paternite.jpg","contentUrl":"https:\/\/skeliade.fr\/wp-content\/uploads\/2021\/02\/Conge-paternite.jpg","width":2326,"height":1212,"caption":"Cong\u00e9 paternit\u00e9"},{"@type":"BreadcrumbList","@id":"https:\/\/skeliade.fr\/fr\/conge-paternite-allonge-a-partir-du-1er-juillet-2021\/#breadcrumb","itemListElement":[{"@type":"ListItem","position":1,"name":"Home","item":"https:\/\/skeliade.fr\/fr\/"},{"@type":"ListItem","position":2,"name":"Cong\u00e9 paternit\u00e9 allong\u00e9 \u00e0 partir du 1er juillet 2021"}]},{"@type":"WebSite","@id":"\/#website","url":"\/","name":"Sk\u00e9liade","description":"Gestion externalis\u00e9e de la paie et du personnel","publisher":{"@id":"\/#organization"},"potentialAction":[{"@type":"SearchAction","target":{"@type":"EntryPoint","urlTemplate":"\/?s={search_term_string}"},"query-input":{"@type":"PropertyValueSpecification","valueRequired":true,"valueName":"search_term_string"}}],"inLanguage":"fr-FR"},{"@type":"Organization","@id":"\/#organization","name":"Sk\u00e9liade","url":"\/","logo":{"@type":"ImageObject","inLanguage":"fr-FR","@id":"\/#\/schema\/logo\/image\/","url":"https:\/\/skeliade.fr\/wp-content\/uploads\/2021\/03\/SKELIADE_Logo.png","contentUrl":"https:\/\/skeliade.fr\/wp-content\/uploads\/2021\/03\/SKELIADE_Logo.png","width":500,"height":156,"caption":"Sk\u00e9liade"},"image":{"@id":"\/#\/schema\/logo\/image\/"},"sameAs":["https:\/\/fr.linkedin.com\/company\/skeliade"]},{"@type":"Person","@id":"\/#\/schema\/person\/b417ad2695504a78aebdcb76a86cf271","name":"Admin260221","sameAs":["http:\/\/skeliade.fr"]}]}},"_links":{"self":[{"href":"https:\/\/skeliade.fr\/fr\/wp-json\/wp\/v2\/posts\/1"}],"collection":[{"href":"https:\/\/skeliade.fr\/fr\/wp-json\/wp\/v2\/posts"}],"about":[{"href":"https:\/\/skeliade.fr\/fr\/wp-json\/wp\/v2\/types\/post"}],"author":[{"embeddable":true,"href":"https:\/\/skeliade.fr\/fr\/wp-json\/wp\/v2\/users\/1"}],"replies":[{"embeddable":true,"href":"https:\/\/skeliade.fr\/fr\/wp-json\/wp\/v2\/comments?post=1"}],"version-history":[{"count":38,"href":"https:\/\/skeliade.fr\/fr\/wp-json\/wp\/v2\/posts\/1\/revisions"}],"predecessor-version":[{"id":2522,"href":"https:\/\/skeliade.fr\/fr\/wp-json\/wp\/v2\/posts\/1\/revisions\/2522"}],"wp:featuredmedia":[{"embeddable":true,"href":"https:\/\/skeliade.fr\/fr\/wp-json\/wp\/v2\/media\/1557"}],"wp:attachment":[{"href":"https:\/\/skeliade.fr\/fr\/wp-json\/wp\/v2\/media?parent=1"}],"wp:term":[{"taxonomy":"category","embeddable":true,"href":"https:\/\/skeliade.fr\/fr\/wp-json\/wp\/v2\/categories?post=1"},{"taxonomy":"post_tag","embeddable":true,"href":"https:\/\/skeliade.fr\/fr\/wp-json\/wp\/v2\/tags?post=1"}],"curies":[{"name":"wp","href":"https:\/\/api.w.org\/{rel}","templated":true}]}}